{"id":6019,"date":"2022-09-07T16:53:51","date_gmt":"2022-09-07T16:53:51","guid":{"rendered":"https:\/\/masdepau.es\/?p=6019"},"modified":"2022-09-07T16:53:51","modified_gmt":"2022-09-07T16:53:51","slug":"la-pesquera","status":"publish","type":"post","link":"https:\/\/masdepau.es\/en\/2022\/09\/07\/la-pesquera\/","title":{"rendered":"POZAS DE LA PESQUERA &#8211; Beceite"},"content":{"rendered":"\n<ul class=\"wp-block-list\"><li><strong>Distancia desde Mas de Pau<\/strong>: 36 minutos en coche<\/li><li><strong>Durante la temporada alta, no se permiten perros.<\/strong><\/li><\/ul>\n\n\n\n<p><strong>La Pesquera<\/strong>\u00a0se llama al conjunto de\u00a0<strong>pozas<\/strong>\u00a0o \u2018<strong>tolls<\/strong>\u2019 del r\u00edo\u00a0<strong>Ulldem\u00f3<\/strong>, afluente del r\u00edo\u00a0<strong>Matarra\u00f1a<\/strong>: un espacio de gran belleza visual, donde se puede disfrutar de las numerosas pozas que se han formado gracias a la erosi\u00f3n del r\u00edo sobre las rocas.<\/p>\n\n\n\n<p>Existen 16 zonas de aparcamiento reguladas (puntos de Control) pr\u00f3ximas a las pozas. Todas ellas est\u00e1n numeradas e indican su m\u00e1xima capacidad.<\/p>\n\n\n\n<p>Al igual que el Parrizal, en temporada alta habr\u00e1 un peaje del ayuntamiento que te cobrar\u00e1 (8-10\u20ac coche\/d\u00eda) para acceder a este paraje, con ese pase puedes moverte de parking en parking sin problemas. Te recomendamos las pozas n\u00famero 3, 4, 5 y 13.  <\/p>\n\n\n\n<p>En temporada alta, el Ayuntamiento de Beceite lleva a cabo una regulaci\u00f3n del paraje natural con el control del aforo de veh\u00edculos y el cumplimiento de la normativa.<\/p>\n\n\n\n<ul class=\"wp-block-list\"><li>M\u00e1s informaci\u00f3n? <a rel=\"noreferrer noopener\" href=\"https:\/\/www.beceite.es\/turismo\/rutas-por-beceite\/parrizal-pesquera-pantano-de-pena\/2-pesquera\/\" data-type=\"URL\" data-id=\"https:\/\/www.beceite.es\/turismo\/rutas-por-beceite\/parrizal-pesquera-pantano-de-pena\/2-pesquera\/\" target=\"_blank\">Visita la web<\/a><\/li><\/ul>\n","protected":false},"excerpt":{"rendered":"<p>Distancia desde Mas de Pau: 36 minutos en coche Durante la temporada alta, no se permiten perros. La Pesquera\u00a0se llama al conjunto de\u00a0pozas\u00a0o \u2018tolls\u2019 del r\u00edo\u00a0Ulldem\u00f3, afluente del r\u00edo\u00a0Matarra\u00f1a: un espacio de gran belleza visual, donde se puede disfrutar de las numerosas pozas que se han formado gracias a la erosi\u00f3n del r\u00edo sobre las<\/p>\n<a href=\"https:\/\/masdepau.es\/en\/2022\/09\/07\/la-pesquera\/\" class=\"sohohotel-more-link\">Read More<\/a>","protected":false},"author":2,"featured_media":6021,"comment_status":"closed","ping_status":"closed","sticky":false,"template":"","format":"standard","meta":{"footnotes":""},"categories":[34,17,33],"tags":[27],"class_list":["post-6019","post","type-post","status-publish","format-standard","has-post-thumbnail","hentry","category-ninos","category-naturaleza","category-pozas","tag-beceite"],"yoast_head":"<!-- This site is optimized with the Yoast SEO plugin v26.3 - https:\/\/yoast.com\/wordpress\/plugins\/seo\/ -->\n<title>POZAS DE LA PESQUERA - Beceite - Apartments Mas de Pau<\/title>\n<meta name=\"robots\" content=\"index, follow, max-snippet:-1, max-image-preview:large, max-video-preview:-1\" \/>\n<link rel=\"canonical\" href=\"https:\/\/masdepau.es\/en\/2022\/09\/07\/la-pesquera\/\" \/>\n<meta property=\"og:locale\" content=\"en_US\" \/>\n<meta property=\"og:type\" content=\"article\" \/>\n<meta property=\"og:title\" content=\"POZAS DE LA PESQUERA - Beceite - Apartments Mas de Pau\" \/>\n<meta property=\"og:description\" content=\"Distancia desde Mas de Pau: 36 minutos en coche Durante la temporada alta, no se permiten perros. La Pesquera\u00a0se llama al conjunto de\u00a0pozas\u00a0o \u2018tolls\u2019 del r\u00edo\u00a0Ulldem\u00f3, afluente del r\u00edo\u00a0Matarra\u00f1a: un espacio de gran belleza visual, donde se puede disfrutar de las numerosas pozas que se han formado gracias a la erosi\u00f3n del r\u00edo sobre las\" \/>\n<meta property=\"og:url\" content=\"https:\/\/masdepau.es\/en\/2022\/09\/07\/la-pesquera\/\" \/>\n<meta property=\"og:site_name\" content=\"Apartments Mas de Pau\" \/>\n<meta property=\"article:published_time\" content=\"2022-09-07T16:53:51+00:00\" \/>\n<meta name=\"author\" content=\"mas de pau\" \/>\n<meta name=\"twitter:card\" content=\"summary_large_image\" \/>\n<meta name=\"twitter:label1\" content=\"Written by\" \/>\n\t<meta name=\"twitter:data1\" content=\"mas de pau\" \/>\n\t<meta name=\"twitter:label2\" content=\"Est. reading time\" \/>\n\t<meta name=\"twitter:data2\" content=\"1 minute\" \/>\n<script type=\"application\/ld+json\" class=\"yoast-schema-graph\">{\"@context\":\"https:\/\/schema.org\",\"@graph\":[{\"@type\":\"WebPage\",\"@id\":\"https:\/\/masdepau.es\/en\/2022\/09\/07\/la-pesquera\/\",\"url\":\"https:\/\/masdepau.es\/en\/2022\/09\/07\/la-pesquera\/\",\"name\":\"POZAS DE LA PESQUERA - Beceite - Apartments Mas de Pau\",\"isPartOf\":{\"@id\":\"https:\/\/masdepau.es\/en\/#website\"},\"primaryImageOfPage\":{\"@id\":\"https:\/\/masdepau.es\/en\/2022\/09\/07\/la-pesquera\/#primaryimage\"},\"image\":{\"@id\":\"https:\/\/masdepau.es\/en\/2022\/09\/07\/la-pesquera\/#primaryimage\"},\"thumbnailUrl\":\"\",\"datePublished\":\"2022-09-07T16:53:51+00:00\",\"author\":{\"@id\":\"https:\/\/masdepau.es\/en\/#\/schema\/person\/f155f568feb01b0acdcfad7621b5aec8\"},\"breadcrumb\":{\"@id\":\"https:\/\/masdepau.es\/en\/2022\/09\/07\/la-pesquera\/#breadcrumb\"},\"inLanguage\":\"en-US\",\"potentialAction\":[{\"@type\":\"ReadAction\",\"target\":[\"https:\/\/masdepau.es\/en\/2022\/09\/07\/la-pesquera\/\"]}]},{\"@type\":\"ImageObject\",\"inLanguage\":\"en-US\",\"@id\":\"https:\/\/masdepau.es\/en\/2022\/09\/07\/la-pesquera\/#primaryimage\",\"url\":\"\",\"contentUrl\":\"\"},{\"@type\":\"BreadcrumbList\",\"@id\":\"https:\/\/masdepau.es\/en\/2022\/09\/07\/la-pesquera\/#breadcrumb\",\"itemListElement\":[{\"@type\":\"ListItem\",\"position\":1,\"name\":\"Portada\",\"item\":\"https:\/\/masdepau.es\/en\/\"},{\"@type\":\"ListItem\",\"position\":2,\"name\":\"POZAS DE LA PESQUERA &#8211; Beceite\"}]},{\"@type\":\"WebSite\",\"@id\":\"https:\/\/masdepau.es\/en\/#website\",\"url\":\"https:\/\/masdepau.es\/en\/\",\"name\":\"Apartments Mas de Pau\",\"description\":\"Rural Apartments in the middle of the nature of the Matarra\u00f1a\",\"potentialAction\":[{\"@type\":\"SearchAction\",\"target\":{\"@type\":\"EntryPoint\",\"urlTemplate\":\"https:\/\/masdepau.es\/en\/?s={search_term_string}\"},\"query-input\":{\"@type\":\"PropertyValueSpecification\",\"valueRequired\":true,\"valueName\":\"search_term_string\"}}],\"inLanguage\":\"en-US\"},{\"@type\":\"Person\",\"@id\":\"https:\/\/masdepau.es\/en\/#\/schema\/person\/f155f568feb01b0acdcfad7621b5aec8\",\"name\":\"mas de pau\",\"image\":{\"@type\":\"ImageObject\",\"inLanguage\":\"en-US\",\"@id\":\"https:\/\/masdepau.es\/en\/#\/schema\/person\/image\/\",\"url\":\"https:\/\/secure.gravatar.com\/avatar\/?s=96&d=mm&r=g\",\"contentUrl\":\"https:\/\/secure.gravatar.com\/avatar\/?s=96&d=mm&r=g\",\"caption\":\"mas de pau\"},\"url\":\"https:\/\/masdepau.es\/en\/author\/mas-de-pau\/\"}]}<\/script>\n<!-- \/ Yoast SEO plugin. -->","yoast_head_json":{"title":"POZAS DE LA PESQUERA - Beceite - Apartments Mas de Pau","robots":{"index":"index","follow":"follow","max-snippet":"max-snippet:-1","max-image-preview":"max-image-preview:large","max-video-preview":"max-video-preview:-1"},"canonical":"https:\/\/masdepau.es\/en\/2022\/09\/07\/la-pesquera\/","og_locale":"en_US","og_type":"article","og_title":"POZAS DE LA PESQUERA - Beceite - Apartments Mas de Pau","og_description":"Distancia desde Mas de Pau: 36 minutos en coche Durante la temporada alta, no se permiten perros. La Pesquera\u00a0se llama al conjunto de\u00a0pozas\u00a0o \u2018tolls\u2019 del r\u00edo\u00a0Ulldem\u00f3, afluente del r\u00edo\u00a0Matarra\u00f1a: un espacio de gran belleza visual, donde se puede disfrutar de las numerosas pozas que se han formado gracias a la erosi\u00f3n del r\u00edo sobre las","og_url":"https:\/\/masdepau.es\/en\/2022\/09\/07\/la-pesquera\/","og_site_name":"Apartments Mas de Pau","article_published_time":"2022-09-07T16:53:51+00:00","author":"mas de pau","twitter_card":"summary_large_image","twitter_misc":{"Written by":"mas de pau","Est. reading time":"1 minute"},"schema":{"@context":"https:\/\/schema.org","@graph":[{"@type":"WebPage","@id":"https:\/\/masdepau.es\/en\/2022\/09\/07\/la-pesquera\/","url":"https:\/\/masdepau.es\/en\/2022\/09\/07\/la-pesquera\/","name":"POZAS DE LA PESQUERA - Beceite - Apartments Mas de Pau","isPartOf":{"@id":"https:\/\/masdepau.es\/en\/#website"},"primaryImageOfPage":{"@id":"https:\/\/masdepau.es\/en\/2022\/09\/07\/la-pesquera\/#primaryimage"},"image":{"@id":"https:\/\/masdepau.es\/en\/2022\/09\/07\/la-pesquera\/#primaryimage"},"thumbnailUrl":"","datePublished":"2022-09-07T16:53:51+00:00","author":{"@id":"https:\/\/masdepau.es\/en\/#\/schema\/person\/f155f568feb01b0acdcfad7621b5aec8"},"breadcrumb":{"@id":"https:\/\/masdepau.es\/en\/2022\/09\/07\/la-pesquera\/#breadcrumb"},"inLanguage":"en-US","potentialAction":[{"@type":"ReadAction","target":["https:\/\/masdepau.es\/en\/2022\/09\/07\/la-pesquera\/"]}]},{"@type":"ImageObject","inLanguage":"en-US","@id":"https:\/\/masdepau.es\/en\/2022\/09\/07\/la-pesquera\/#primaryimage","url":"","contentUrl":""},{"@type":"BreadcrumbList","@id":"https:\/\/masdepau.es\/en\/2022\/09\/07\/la-pesquera\/#breadcrumb","itemListElement":[{"@type":"ListItem","position":1,"name":"Portada","item":"https:\/\/masdepau.es\/en\/"},{"@type":"ListItem","position":2,"name":"POZAS DE LA PESQUERA &#8211; Beceite"}]},{"@type":"WebSite","@id":"https:\/\/masdepau.es\/en\/#website","url":"https:\/\/masdepau.es\/en\/","name":"Apartments Mas de Pau","description":"Rural Apartments in the middle of the nature of the Matarra\u00f1a","potentialAction":[{"@type":"SearchAction","target":{"@type":"EntryPoint","urlTemplate":"https:\/\/masdepau.es\/en\/?s={search_term_string}"},"query-input":{"@type":"PropertyValueSpecification","valueRequired":true,"valueName":"search_term_string"}}],"inLanguage":"en-US"},{"@type":"Person","@id":"https:\/\/masdepau.es\/en\/#\/schema\/person\/f155f568feb01b0acdcfad7621b5aec8","name":"mas de pau","image":{"@type":"ImageObject","inLanguage":"en-US","@id":"https:\/\/masdepau.es\/en\/#\/schema\/person\/image\/","url":"https:\/\/secure.gravatar.com\/avatar\/?s=96&d=mm&r=g","contentUrl":"https:\/\/secure.gravatar.com\/avatar\/?s=96&d=mm&r=g","caption":"mas de pau"},"url":"https:\/\/masdepau.es\/en\/author\/mas-de-pau\/"}]}},"_links":{"self":[{"href":"https:\/\/masdepau.es\/en\/wp-json\/wp\/v2\/posts\/6019","targetHints":{"allow":["GET"]}}],"collection":[{"href":"https:\/\/masdepau.es\/en\/wp-json\/wp\/v2\/posts"}],"about":[{"href":"https:\/\/masdepau.es\/en\/wp-json\/wp\/v2\/types\/post"}],"author":[{"embeddable":true,"href":"https:\/\/masdepau.es\/en\/wp-json\/wp\/v2\/users\/2"}],"replies":[{"embeddable":true,"href":"https:\/\/masdepau.es\/en\/wp-json\/wp\/v2\/comments?post=6019"}],"version-history":[{"count":0,"href":"https:\/\/masdepau.es\/en\/wp-json\/wp\/v2\/posts\/6019\/revisions"}],"wp:featuredmedia":[{"embeddable":true,"href":"https:\/\/masdepau.es\/en\/wp-json\/"}],"wp:attachment":[{"href":"https:\/\/masdepau.es\/en\/wp-json\/wp\/v2\/media?parent=6019"}],"wp:term":[{"taxonomy":"category","embeddable":true,"href":"https:\/\/masdepau.es\/en\/wp-json\/wp\/v2\/categories?post=6019"},{"taxonomy":"post_tag","embeddable":true,"href":"https:\/\/masdepau.es\/en\/wp-json\/wp\/v2\/tags?post=6019"}],"curies":[{"name":"wp","href":"https:\/\/api.w.org\/{rel}","templated":true}]}}