{"id":6023,"date":"2022-09-07T16:59:07","date_gmt":"2022-09-07T16:59:07","guid":{"rendered":"https:\/\/masdepau.es\/?p=6023"},"modified":"2022-09-07T16:59:07","modified_gmt":"2022-09-07T16:59:07","slug":"tirolina","status":"publish","type":"post","link":"https:\/\/masdepau.es\/en\/2022\/09\/07\/tirolina\/","title":{"rendered":"TIROLINA M\u00c1S LARGA DE ESPA\u00d1A &#8211; Fuentespalda"},"content":{"rendered":"\n<ul class=\"wp-block-list\"><li><strong>Distancia desde Mas de Pau:<\/strong> 1,3 km<\/li><\/ul>\n\n\n\n<p>La tirolina de Fuentespalda te har\u00e1 sentir adrenalina volando por encima del coraz\u00f3n de la comarca del Matarra\u00f1a. <strong>Dos kilometros<\/strong>\u00a0de recorrido y doscientos metros de desnivel.<\/p>\n\n\n\n<p>El personal cualificado te prepara con una peque\u00f1a clase te\u00f3rica y resolver\u00e1 todas tus dudas para que sea una actividad segura, din\u00e1mica y divertida.<\/p>\n\n\n\n<p>Para descender por la tirolina deber\u00e1s tener en cuenta una serie de requisitos como ser mayor de edad. En caso de menores de 18 a\u00f1os, deber\u00e1n ir acompa\u00f1ados de su padre o tutor. Tener un peso entre 50\/110 Kg. Reservar con antelaci\u00f3n. Llevar un calzado y atuendo apropiados para la actividad evitando zapato abierto, chancla y tac\u00f3n.<\/p>\n\n\n\n<ul class=\"wp-block-list\"><li><strong>Reservas y m\u00e1s informaci\u00f3n<\/strong>: <a rel=\"noreferrer noopener\" href=\"https:\/\/www.tirolinafuentespalda.com\/\" target=\"_blank\">https:\/\/www.tirolinafuentespalda.com\/<\/a><\/li><\/ul>\n","protected":false},"excerpt":{"rendered":"<p>Distancia desde Mas de Pau: 1,3 km La tirolina de Fuentespalda te har\u00e1 sentir adrenalina volando por encima del coraz\u00f3n de la comarca del Matarra\u00f1a. Dos kilometros\u00a0de recorrido y doscientos metros de desnivel. El personal cualificado te prepara con una peque\u00f1a clase te\u00f3rica y resolver\u00e1 todas tus dudas para que sea una actividad segura, din\u00e1mica<\/p>\n<a href=\"https:\/\/masdepau.es\/en\/2022\/09\/07\/tirolina\/\" class=\"sohohotel-more-link\">Read More<\/a>","protected":false},"author":2,"featured_media":6024,"comment_status":"closed","ping_status":"closed","sticky":false,"template":"","format":"standard","meta":{"footnotes":""},"categories":[24],"tags":[38],"class_list":["post-6023","post","type-post","status-publish","format-standard","has-post-thumbnail","hentry","category-deporte","tag-fuentespalda"],"yoast_head":"<!-- This site is optimized with the Yoast SEO plugin v26.3 - https:\/\/yoast.com\/wordpress\/plugins\/seo\/ -->\n<title>TIROLINA M\u00c1S LARGA DE ESPA\u00d1A - Fuentespalda - Apartments Mas de Pau<\/title>\n<meta name=\"robots\" content=\"index, follow, max-snippet:-1, max-image-preview:large, max-video-preview:-1\" \/>\n<link rel=\"canonical\" href=\"https:\/\/masdepau.es\/en\/2022\/09\/07\/tirolina\/\" \/>\n<meta property=\"og:locale\" content=\"en_US\" \/>\n<meta property=\"og:type\" content=\"article\" \/>\n<meta property=\"og:title\" content=\"TIROLINA M\u00c1S LARGA DE ESPA\u00d1A - Fuentespalda - Apartments Mas de Pau\" \/>\n<meta property=\"og:description\" content=\"Distancia desde Mas de Pau: 1,3 km La tirolina de Fuentespalda te har\u00e1 sentir adrenalina volando por encima del coraz\u00f3n de la comarca del Matarra\u00f1a. Dos kilometros\u00a0de recorrido y doscientos metros de desnivel. El personal cualificado te prepara con una peque\u00f1a clase te\u00f3rica y resolver\u00e1 todas tus dudas para que sea una actividad segura, din\u00e1mica\" \/>\n<meta property=\"og:url\" content=\"https:\/\/masdepau.es\/en\/2022\/09\/07\/tirolina\/\" \/>\n<meta property=\"og:site_name\" content=\"Apartments Mas de Pau\" \/>\n<meta property=\"article:published_time\" content=\"2022-09-07T16:59:07+00:00\" \/>\n<meta name=\"author\" content=\"mas de pau\" \/>\n<meta name=\"twitter:card\" content=\"summary_large_image\" \/>\n<meta name=\"twitter:label1\" content=\"Written by\" \/>\n\t<meta name=\"twitter:data1\" content=\"mas de pau\" \/>\n\t<meta name=\"twitter:label2\" content=\"Est. reading time\" \/>\n\t<meta name=\"twitter:data2\" content=\"1 minute\" \/>\n<script type=\"application\/ld+json\" class=\"yoast-schema-graph\">{\"@context\":\"https:\/\/schema.org\",\"@graph\":[{\"@type\":\"WebPage\",\"@id\":\"https:\/\/masdepau.es\/en\/2022\/09\/07\/tirolina\/\",\"url\":\"https:\/\/masdepau.es\/en\/2022\/09\/07\/tirolina\/\",\"name\":\"TIROLINA M\u00c1S LARGA DE ESPA\u00d1A - Fuentespalda - Apartments Mas de Pau\",\"isPartOf\":{\"@id\":\"https:\/\/masdepau.es\/en\/#website\"},\"primaryImageOfPage\":{\"@id\":\"https:\/\/masdepau.es\/en\/2022\/09\/07\/tirolina\/#primaryimage\"},\"image\":{\"@id\":\"https:\/\/masdepau.es\/en\/2022\/09\/07\/tirolina\/#primaryimage\"},\"thumbnailUrl\":\"\",\"datePublished\":\"2022-09-07T16:59:07+00:00\",\"author\":{\"@id\":\"https:\/\/masdepau.es\/en\/#\/schema\/person\/f155f568feb01b0acdcfad7621b5aec8\"},\"breadcrumb\":{\"@id\":\"https:\/\/masdepau.es\/en\/2022\/09\/07\/tirolina\/#breadcrumb\"},\"inLanguage\":\"en-US\",\"potentialAction\":[{\"@type\":\"ReadAction\",\"target\":[\"https:\/\/masdepau.es\/en\/2022\/09\/07\/tirolina\/\"]}]},{\"@type\":\"ImageObject\",\"inLanguage\":\"en-US\",\"@id\":\"https:\/\/masdepau.es\/en\/2022\/09\/07\/tirolina\/#primaryimage\",\"url\":\"\",\"contentUrl\":\"\"},{\"@type\":\"BreadcrumbList\",\"@id\":\"https:\/\/masdepau.es\/en\/2022\/09\/07\/tirolina\/#breadcrumb\",\"itemListElement\":[{\"@type\":\"ListItem\",\"position\":1,\"name\":\"Portada\",\"item\":\"https:\/\/masdepau.es\/en\/\"},{\"@type\":\"ListItem\",\"position\":2,\"name\":\"TIROLINA M\u00c1S LARGA DE ESPA\u00d1A &#8211; Fuentespalda\"}]},{\"@type\":\"WebSite\",\"@id\":\"https:\/\/masdepau.es\/en\/#website\",\"url\":\"https:\/\/masdepau.es\/en\/\",\"name\":\"Apartments Mas de Pau\",\"description\":\"Rural Apartments in the middle of the nature of the Matarra\u00f1a\",\"potentialAction\":[{\"@type\":\"SearchAction\",\"target\":{\"@type\":\"EntryPoint\",\"urlTemplate\":\"https:\/\/masdepau.es\/en\/?s={search_term_string}\"},\"query-input\":{\"@type\":\"PropertyValueSpecification\",\"valueRequired\":true,\"valueName\":\"search_term_string\"}}],\"inLanguage\":\"en-US\"},{\"@type\":\"Person\",\"@id\":\"https:\/\/masdepau.es\/en\/#\/schema\/person\/f155f568feb01b0acdcfad7621b5aec8\",\"name\":\"mas de pau\",\"image\":{\"@type\":\"ImageObject\",\"inLanguage\":\"en-US\",\"@id\":\"https:\/\/masdepau.es\/en\/#\/schema\/person\/image\/\",\"url\":\"https:\/\/secure.gravatar.com\/avatar\/?s=96&d=mm&r=g\",\"contentUrl\":\"https:\/\/secure.gravatar.com\/avatar\/?s=96&d=mm&r=g\",\"caption\":\"mas de pau\"},\"url\":\"https:\/\/masdepau.es\/en\/author\/mas-de-pau\/\"}]}<\/script>\n<!-- \/ Yoast SEO plugin. -->","yoast_head_json":{"title":"TIROLINA M\u00c1S LARGA DE ESPA\u00d1A - Fuentespalda - Apartments Mas de Pau","robots":{"index":"index","follow":"follow","max-snippet":"max-snippet:-1","max-image-preview":"max-image-preview:large","max-video-preview":"max-video-preview:-1"},"canonical":"https:\/\/masdepau.es\/en\/2022\/09\/07\/tirolina\/","og_locale":"en_US","og_type":"article","og_title":"TIROLINA M\u00c1S LARGA DE ESPA\u00d1A - Fuentespalda - Apartments Mas de Pau","og_description":"Distancia desde Mas de Pau: 1,3 km La tirolina de Fuentespalda te har\u00e1 sentir adrenalina volando por encima del coraz\u00f3n de la comarca del Matarra\u00f1a. Dos kilometros\u00a0de recorrido y doscientos metros de desnivel. El personal cualificado te prepara con una peque\u00f1a clase te\u00f3rica y resolver\u00e1 todas tus dudas para que sea una actividad segura, din\u00e1mica","og_url":"https:\/\/masdepau.es\/en\/2022\/09\/07\/tirolina\/","og_site_name":"Apartments Mas de Pau","article_published_time":"2022-09-07T16:59:07+00:00","author":"mas de pau","twitter_card":"summary_large_image","twitter_misc":{"Written by":"mas de pau","Est. reading time":"1 minute"},"schema":{"@context":"https:\/\/schema.org","@graph":[{"@type":"WebPage","@id":"https:\/\/masdepau.es\/en\/2022\/09\/07\/tirolina\/","url":"https:\/\/masdepau.es\/en\/2022\/09\/07\/tirolina\/","name":"TIROLINA M\u00c1S LARGA DE ESPA\u00d1A - Fuentespalda - Apartments Mas de Pau","isPartOf":{"@id":"https:\/\/masdepau.es\/en\/#website"},"primaryImageOfPage":{"@id":"https:\/\/masdepau.es\/en\/2022\/09\/07\/tirolina\/#primaryimage"},"image":{"@id":"https:\/\/masdepau.es\/en\/2022\/09\/07\/tirolina\/#primaryimage"},"thumbnailUrl":"","datePublished":"2022-09-07T16:59:07+00:00","author":{"@id":"https:\/\/masdepau.es\/en\/#\/schema\/person\/f155f568feb01b0acdcfad7621b5aec8"},"breadcrumb":{"@id":"https:\/\/masdepau.es\/en\/2022\/09\/07\/tirolina\/#breadcrumb"},"inLanguage":"en-US","potentialAction":[{"@type":"ReadAction","target":["https:\/\/masdepau.es\/en\/2022\/09\/07\/tirolina\/"]}]},{"@type":"ImageObject","inLanguage":"en-US","@id":"https:\/\/masdepau.es\/en\/2022\/09\/07\/tirolina\/#primaryimage","url":"","contentUrl":""},{"@type":"BreadcrumbList","@id":"https:\/\/masdepau.es\/en\/2022\/09\/07\/tirolina\/#breadcrumb","itemListElement":[{"@type":"ListItem","position":1,"name":"Portada","item":"https:\/\/masdepau.es\/en\/"},{"@type":"ListItem","position":2,"name":"TIROLINA M\u00c1S LARGA DE ESPA\u00d1A &#8211; Fuentespalda"}]},{"@type":"WebSite","@id":"https:\/\/masdepau.es\/en\/#website","url":"https:\/\/masdepau.es\/en\/","name":"Apartments Mas de Pau","description":"Rural Apartments in the middle of the nature of the Matarra\u00f1a","potentialAction":[{"@type":"SearchAction","target":{"@type":"EntryPoint","urlTemplate":"https:\/\/masdepau.es\/en\/?s={search_term_string}"},"query-input":{"@type":"PropertyValueSpecification","valueRequired":true,"valueName":"search_term_string"}}],"inLanguage":"en-US"},{"@type":"Person","@id":"https:\/\/masdepau.es\/en\/#\/schema\/person\/f155f568feb01b0acdcfad7621b5aec8","name":"mas de pau","image":{"@type":"ImageObject","inLanguage":"en-US","@id":"https:\/\/masdepau.es\/en\/#\/schema\/person\/image\/","url":"https:\/\/secure.gravatar.com\/avatar\/?s=96&d=mm&r=g","contentUrl":"https:\/\/secure.gravatar.com\/avatar\/?s=96&d=mm&r=g","caption":"mas de pau"},"url":"https:\/\/masdepau.es\/en\/author\/mas-de-pau\/"}]}},"_links":{"self":[{"href":"https:\/\/masdepau.es\/en\/wp-json\/wp\/v2\/posts\/6023","targetHints":{"allow":["GET"]}}],"collection":[{"href":"https:\/\/masdepau.es\/en\/wp-json\/wp\/v2\/posts"}],"about":[{"href":"https:\/\/masdepau.es\/en\/wp-json\/wp\/v2\/types\/post"}],"author":[{"embeddable":true,"href":"https:\/\/masdepau.es\/en\/wp-json\/wp\/v2\/users\/2"}],"replies":[{"embeddable":true,"href":"https:\/\/masdepau.es\/en\/wp-json\/wp\/v2\/comments?post=6023"}],"version-history":[{"count":0,"href":"https:\/\/masdepau.es\/en\/wp-json\/wp\/v2\/posts\/6023\/revisions"}],"wp:featuredmedia":[{"embeddable":true,"href":"https:\/\/masdepau.es\/en\/wp-json\/"}],"wp:attachment":[{"href":"https:\/\/masdepau.es\/en\/wp-json\/wp\/v2\/media?parent=6023"}],"wp:term":[{"taxonomy":"category","embeddable":true,"href":"https:\/\/masdepau.es\/en\/wp-json\/wp\/v2\/categories?post=6023"},{"taxonomy":"post_tag","embeddable":true,"href":"https:\/\/masdepau.es\/en\/wp-json\/wp\/v2\/tags?post=6023"}],"curies":[{"name":"wp","href":"https:\/\/api.w.org\/{rel}","templated":true}]}}