{"id":6236,"date":"2022-09-08T15:20:40","date_gmt":"2022-09-08T15:20:40","guid":{"rendered":"https:\/\/masdepau.es\/?p=6236"},"modified":"2022-09-08T15:20:40","modified_gmt":"2022-09-08T15:20:40","slug":"el-parrizal-beceite","status":"publish","type":"post","link":"https:\/\/masdepau.es\/en\/2022\/09\/08\/el-parrizal-beceite\/","title":{"rendered":"EL PARRIZAL \u2013 BECEITE"},"content":{"rendered":"\n<ul class=\"wp-block-list\"><li><strong>Distancia desde Mas de Pau:<\/strong> 43 minutos en coche<\/li><li><strong>Acceso con perros y otros animales est\u00e1 prohibido.<\/strong><\/li><\/ul>\n\n\n\n<p>El&nbsp;Parrizal de Beceite<strong> <\/strong>&nbsp;es un escenario de ensue\u00f1o que invita al disfrute y, al mismo tiempo, a reflexionar sobre el respeto que le debemos a la naturaleza. Sobre el terreno se traduce en una&nbsp;<strong>ruta<\/strong>&nbsp;larga, pero accesible para personas de todas las edades. Rocas, flora, fauna y agua esculpen un paisaje que los sentidos traducen en una excursi\u00f3n inolvidable.<\/p>\n\n\n\n<p>La ruta del Parrizal est\u00e1 regulada, para poder realizar el itinerario es necesario un tique de acceso, tanto para veh\u00edculos, senderistas o ciclistas. El tique se puede adquirir en la oficina de turismo de Beceite, para m\u00e1s informaci\u00f3n hacer&nbsp;<a rel=\"noreferrer noopener\" href=\"https:\/\/www.beceite.es\/turismo\/rutas-por-beceite\/parrizal-pesquera-pantano-de-pena\/parrizal\/\" target=\"_blank\">clic aqu\u00ed<\/a>.<\/p>\n\n\n\n<figure class=\"wp-block-image size-full\"><img decoding=\"async\" src=\"https:\/\/masdepau.es\/wp-content\/uploads\/2022\/05\/parrizal2.jpg\" alt=\"el-parrizal\" class=\"wp-image-823\" \/><figcaption>\u24b8&nbsp;Laura Hambrouck<\/figcaption><\/figure>\n\n\n\n<p>El primer tramo de la ruta del Parrizal transcurre por un camino sin asfaltar. Es un paseo de 800 m, apto para carritos de beb\u00e9s, y sillas de ruedas con ayuda. Transcurre por un itinerario se\u00f1alizado como ruta bot\u00e1nica y donde se encuentran las pinturas rupestres de La Fenellassa, Patrimonio de La Humanidad, pertenecientes al arte esquem\u00e1tico levantino.<\/p>\n\n\n\n<p>Llegando al final de la primera parte de la excursi\u00f3n, en el Pla de la Mina del Parrizal, se pueden observar las antiguas instalaciones que se utilizaban para el transporte del carb\u00f3n de las minas.<\/p>\n\n\n\n<p>Desde el Pla de la Mina comienza la excursi\u00f3n, lineal (ida y vuelta por el mismo camino). Tras estos 800 metros, visualizamos una pasarela de madera indic\u00e1ndonos que durante una hora y media iremos remontando el curso del r\u00edo hasta su cabecera, hasta llegar a los Estrechos, dos paredes verticales de piedra de 200 metros de largo, de 60 metros de altura y en algunos puntos de 1 metro de ancho.<\/p>\n\n\n\n<p>Los tramos m\u00e1s dif\u00edciles est\u00e1n acondicionados con unas pasarelas de madera con pasamanos para evitar el ba\u00f1o, ya que est\u00e9 est\u00e1 completamente prohibido en todo el tramo. Se recomienda llevar calzado de repuesto por si sufrimos alg\u00fan resbal\u00f3n.<\/p>\n\n\n\n<figure class=\"wp-block-gallery has-nested-images columns-default is-cropped wp-block-gallery-1 is-layout-flex wp-block-gallery-is-layout-flex\">\n<figure class=\"wp-block-image size-large\"><img decoding=\"async\" data-id=\"822\" src=\"https:\/\/masdepau.es\/wp-content\/uploads\/2022\/05\/IMG_20210207_152926_316.jpg\" alt=\"el-parrizal\" class=\"wp-image-822\" \/><figcaption>\u24b8&nbsp;Laura Hambrouck<\/figcaption><\/figure>\n\n\n\n<figure class=\"wp-block-image size-large\"><img decoding=\"async\" data-id=\"821\" src=\"https:\/\/masdepau.es\/wp-content\/uploads\/2022\/05\/IMG_20210207_152926_290.jpg\" alt=\"el-parrizal\" class=\"wp-image-821\" \/><figcaption>\u24b8&nbsp;Laura Hambrouck<\/figcaption><\/figure>\n<\/figure>\n\n\n\n<p><\/p>\n","protected":false},"excerpt":{"rendered":"<p>Distancia desde Mas de Pau: 43 minutos en coche Acceso con perros y otros animales est\u00e1 prohibido. El&nbsp;Parrizal de Beceite &nbsp;es un escenario de ensue\u00f1o que invita al disfrute y, al mismo tiempo, a reflexionar sobre el respeto que le debemos a la naturaleza. Sobre el terreno se traduce en una&nbsp;ruta&nbsp;larga, pero accesible para personas<\/p>\n<a href=\"https:\/\/masdepau.es\/en\/2022\/09\/08\/el-parrizal-beceite\/\" class=\"sohohotel-more-link\">Read More<\/a>","protected":false},"author":2,"featured_media":7506,"comment_status":"closed","ping_status":"closed","sticky":false,"template":"","format":"standard","meta":{"footnotes":""},"categories":[34,17,25],"tags":[27],"class_list":["post-6236","post","type-post","status-publish","format-standard","has-post-thumbnail","hentry","category-ninos","category-naturaleza","category-senderismo","tag-beceite"],"yoast_head":"<!-- This site is optimized with the Yoast SEO plugin v26.3 - https:\/\/yoast.com\/wordpress\/plugins\/seo\/ -->\n<title>EL PARRIZAL \u2013 BECEITE - Apartments Mas de Pau<\/title>\n<meta name=\"robots\" content=\"index, follow, max-snippet:-1, max-image-preview:large, max-video-preview:-1\" \/>\n<link rel=\"canonical\" href=\"https:\/\/masdepau.es\/en\/2022\/09\/08\/el-parrizal-beceite\/\" \/>\n<meta property=\"og:locale\" content=\"en_US\" \/>\n<meta property=\"og:type\" content=\"article\" \/>\n<meta property=\"og:title\" content=\"EL PARRIZAL \u2013 BECEITE - Apartments Mas de Pau\" \/>\n<meta property=\"og:description\" content=\"Distancia desde Mas de Pau: 43 minutos en coche Acceso con perros y otros animales est\u00e1 prohibido. El&nbsp;Parrizal de Beceite &nbsp;es un escenario de ensue\u00f1o que invita al disfrute y, al mismo tiempo, a reflexionar sobre el respeto que le debemos a la naturaleza. Sobre el terreno se traduce en una&nbsp;ruta&nbsp;larga, pero accesible para personas\" \/>\n<meta property=\"og:url\" content=\"https:\/\/masdepau.es\/en\/2022\/09\/08\/el-parrizal-beceite\/\" \/>\n<meta property=\"og:site_name\" content=\"Apartments Mas de Pau\" \/>\n<meta property=\"article:published_time\" content=\"2022-09-08T15:20:40+00:00\" \/>\n<meta name=\"author\" content=\"mas de pau\" \/>\n<meta name=\"twitter:card\" content=\"summary_large_image\" \/>\n<meta name=\"twitter:label1\" content=\"Written by\" \/>\n\t<meta name=\"twitter:data1\" content=\"mas de pau\" \/>\n\t<meta name=\"twitter:label2\" content=\"Est. reading time\" \/>\n\t<meta name=\"twitter:data2\" content=\"2 minutes\" \/>\n<script type=\"application\/ld+json\" class=\"yoast-schema-graph\">{\"@context\":\"https:\/\/schema.org\",\"@graph\":[{\"@type\":\"WebPage\",\"@id\":\"https:\/\/masdepau.es\/en\/2022\/09\/08\/el-parrizal-beceite\/\",\"url\":\"https:\/\/masdepau.es\/en\/2022\/09\/08\/el-parrizal-beceite\/\",\"name\":\"EL PARRIZAL \u2013 BECEITE - Apartments Mas de Pau\",\"isPartOf\":{\"@id\":\"https:\/\/masdepau.es\/en\/#website\"},\"primaryImageOfPage\":{\"@id\":\"https:\/\/masdepau.es\/en\/2022\/09\/08\/el-parrizal-beceite\/#primaryimage\"},\"image\":{\"@id\":\"https:\/\/masdepau.es\/en\/2022\/09\/08\/el-parrizal-beceite\/#primaryimage\"},\"thumbnailUrl\":\"\",\"datePublished\":\"2022-09-08T15:20:40+00:00\",\"author\":{\"@id\":\"https:\/\/masdepau.es\/en\/#\/schema\/person\/f155f568feb01b0acdcfad7621b5aec8\"},\"breadcrumb\":{\"@id\":\"https:\/\/masdepau.es\/en\/2022\/09\/08\/el-parrizal-beceite\/#breadcrumb\"},\"inLanguage\":\"en-US\",\"potentialAction\":[{\"@type\":\"ReadAction\",\"target\":[\"https:\/\/masdepau.es\/en\/2022\/09\/08\/el-parrizal-beceite\/\"]}]},{\"@type\":\"ImageObject\",\"inLanguage\":\"en-US\",\"@id\":\"https:\/\/masdepau.es\/en\/2022\/09\/08\/el-parrizal-beceite\/#primaryimage\",\"url\":\"\",\"contentUrl\":\"\"},{\"@type\":\"BreadcrumbList\",\"@id\":\"https:\/\/masdepau.es\/en\/2022\/09\/08\/el-parrizal-beceite\/#breadcrumb\",\"itemListElement\":[{\"@type\":\"ListItem\",\"position\":1,\"name\":\"Portada\",\"item\":\"https:\/\/masdepau.es\/en\/\"},{\"@type\":\"ListItem\",\"position\":2,\"name\":\"EL PARRIZAL \u2013 BECEITE\"}]},{\"@type\":\"WebSite\",\"@id\":\"https:\/\/masdepau.es\/en\/#website\",\"url\":\"https:\/\/masdepau.es\/en\/\",\"name\":\"Apartments Mas de Pau\",\"description\":\"Rural Apartments in the middle of the nature of the Matarra\u00f1a\",\"potentialAction\":[{\"@type\":\"SearchAction\",\"target\":{\"@type\":\"EntryPoint\",\"urlTemplate\":\"https:\/\/masdepau.es\/en\/?s={search_term_string}\"},\"query-input\":{\"@type\":\"PropertyValueSpecification\",\"valueRequired\":true,\"valueName\":\"search_term_string\"}}],\"inLanguage\":\"en-US\"},{\"@type\":\"Person\",\"@id\":\"https:\/\/masdepau.es\/en\/#\/schema\/person\/f155f568feb01b0acdcfad7621b5aec8\",\"name\":\"mas de pau\",\"image\":{\"@type\":\"ImageObject\",\"inLanguage\":\"en-US\",\"@id\":\"https:\/\/masdepau.es\/en\/#\/schema\/person\/image\/\",\"url\":\"https:\/\/secure.gravatar.com\/avatar\/?s=96&d=mm&r=g\",\"contentUrl\":\"https:\/\/secure.gravatar.com\/avatar\/?s=96&d=mm&r=g\",\"caption\":\"mas de pau\"},\"url\":\"https:\/\/masdepau.es\/en\/author\/mas-de-pau\/\"}]}<\/script>\n<!-- \/ Yoast SEO plugin. -->","yoast_head_json":{"title":"EL PARRIZAL \u2013 BECEITE - Apartments Mas de Pau","robots":{"index":"index","follow":"follow","max-snippet":"max-snippet:-1","max-image-preview":"max-image-preview:large","max-video-preview":"max-video-preview:-1"},"canonical":"https:\/\/masdepau.es\/en\/2022\/09\/08\/el-parrizal-beceite\/","og_locale":"en_US","og_type":"article","og_title":"EL PARRIZAL \u2013 BECEITE - Apartments Mas de Pau","og_description":"Distancia desde Mas de Pau: 43 minutos en coche Acceso con perros y otros animales est\u00e1 prohibido. El&nbsp;Parrizal de Beceite &nbsp;es un escenario de ensue\u00f1o que invita al disfrute y, al mismo tiempo, a reflexionar sobre el respeto que le debemos a la naturaleza. Sobre el terreno se traduce en una&nbsp;ruta&nbsp;larga, pero accesible para personas","og_url":"https:\/\/masdepau.es\/en\/2022\/09\/08\/el-parrizal-beceite\/","og_site_name":"Apartments Mas de Pau","article_published_time":"2022-09-08T15:20:40+00:00","author":"mas de pau","twitter_card":"summary_large_image","twitter_misc":{"Written by":"mas de pau","Est. reading time":"2 minutes"},"schema":{"@context":"https:\/\/schema.org","@graph":[{"@type":"WebPage","@id":"https:\/\/masdepau.es\/en\/2022\/09\/08\/el-parrizal-beceite\/","url":"https:\/\/masdepau.es\/en\/2022\/09\/08\/el-parrizal-beceite\/","name":"EL PARRIZAL \u2013 BECEITE - Apartments Mas de Pau","isPartOf":{"@id":"https:\/\/masdepau.es\/en\/#website"},"primaryImageOfPage":{"@id":"https:\/\/masdepau.es\/en\/2022\/09\/08\/el-parrizal-beceite\/#primaryimage"},"image":{"@id":"https:\/\/masdepau.es\/en\/2022\/09\/08\/el-parrizal-beceite\/#primaryimage"},"thumbnailUrl":"","datePublished":"2022-09-08T15:20:40+00:00","author":{"@id":"https:\/\/masdepau.es\/en\/#\/schema\/person\/f155f568feb01b0acdcfad7621b5aec8"},"breadcrumb":{"@id":"https:\/\/masdepau.es\/en\/2022\/09\/08\/el-parrizal-beceite\/#breadcrumb"},"inLanguage":"en-US","potentialAction":[{"@type":"ReadAction","target":["https:\/\/masdepau.es\/en\/2022\/09\/08\/el-parrizal-beceite\/"]}]},{"@type":"ImageObject","inLanguage":"en-US","@id":"https:\/\/masdepau.es\/en\/2022\/09\/08\/el-parrizal-beceite\/#primaryimage","url":"","contentUrl":""},{"@type":"BreadcrumbList","@id":"https:\/\/masdepau.es\/en\/2022\/09\/08\/el-parrizal-beceite\/#breadcrumb","itemListElement":[{"@type":"ListItem","position":1,"name":"Portada","item":"https:\/\/masdepau.es\/en\/"},{"@type":"ListItem","position":2,"name":"EL PARRIZAL \u2013 BECEITE"}]},{"@type":"WebSite","@id":"https:\/\/masdepau.es\/en\/#website","url":"https:\/\/masdepau.es\/en\/","name":"Apartments Mas de Pau","description":"Rural Apartments in the middle of the nature of the Matarra\u00f1a","potentialAction":[{"@type":"SearchAction","target":{"@type":"EntryPoint","urlTemplate":"https:\/\/masdepau.es\/en\/?s={search_term_string}"},"query-input":{"@type":"PropertyValueSpecification","valueRequired":true,"valueName":"search_term_string"}}],"inLanguage":"en-US"},{"@type":"Person","@id":"https:\/\/masdepau.es\/en\/#\/schema\/person\/f155f568feb01b0acdcfad7621b5aec8","name":"mas de pau","image":{"@type":"ImageObject","inLanguage":"en-US","@id":"https:\/\/masdepau.es\/en\/#\/schema\/person\/image\/","url":"https:\/\/secure.gravatar.com\/avatar\/?s=96&d=mm&r=g","contentUrl":"https:\/\/secure.gravatar.com\/avatar\/?s=96&d=mm&r=g","caption":"mas de pau"},"url":"https:\/\/masdepau.es\/en\/author\/mas-de-pau\/"}]}},"_links":{"self":[{"href":"https:\/\/masdepau.es\/en\/wp-json\/wp\/v2\/posts\/6236","targetHints":{"allow":["GET"]}}],"collection":[{"href":"https:\/\/masdepau.es\/en\/wp-json\/wp\/v2\/posts"}],"about":[{"href":"https:\/\/masdepau.es\/en\/wp-json\/wp\/v2\/types\/post"}],"author":[{"embeddable":true,"href":"https:\/\/masdepau.es\/en\/wp-json\/wp\/v2\/users\/2"}],"replies":[{"embeddable":true,"href":"https:\/\/masdepau.es\/en\/wp-json\/wp\/v2\/comments?post=6236"}],"version-history":[{"count":0,"href":"https:\/\/masdepau.es\/en\/wp-json\/wp\/v2\/posts\/6236\/revisions"}],"wp:featuredmedia":[{"embeddable":true,"href":"https:\/\/masdepau.es\/en\/wp-json\/"}],"wp:attachment":[{"href":"https:\/\/masdepau.es\/en\/wp-json\/wp\/v2\/media?parent=6236"}],"wp:term":[{"taxonomy":"category","embeddable":true,"href":"https:\/\/masdepau.es\/en\/wp-json\/wp\/v2\/categories?post=6236"},{"taxonomy":"post_tag","embeddable":true,"href":"https:\/\/masdepau.es\/en\/wp-json\/wp\/v2\/tags?post=6236"}],"curies":[{"name":"wp","href":"https:\/\/api.w.org\/{rel}","templated":true}]}}