{"id":6753,"date":"2022-09-13T09:33:52","date_gmt":"2022-09-13T09:33:52","guid":{"rendered":"https:\/\/masdepau.es\/?p=6753"},"modified":"2022-09-13T09:33:52","modified_gmt":"2022-09-13T09:33:52","slug":"les-olles-horta-de-san-joan","status":"publish","type":"post","link":"https:\/\/masdepau.es\/en\/2022\/09\/13\/les-olles-horta-de-san-joan\/","title":{"rendered":"LES OLLES &#8211; HORTA DE SAN JOAN"},"content":{"rendered":"\n<ul class=\"wp-block-list\"><li><strong>Distancia desde Mas de Pau:<\/strong> 45 minutos en coche<\/li><\/ul>\n\n\n\n<p>Se trata de un conjunto de seis u ocho charcos conectados el uno con el otro en el r\u00edo Canaletes, algunos de los cuales con bastante profundidad. \u00a0Est\u00e1n situados en el t\u00e9rmino de Horta de Sant Joan, justo en el l\u00edmite con el de Bot. El lugar es\u00a0<strong>espectacular alrededor de las pozas del r\u00edo Canaletes, entre rocas y vegetaci\u00f3n.<\/strong>\u00a0<\/p>\n\n\n\n<h5 class=\"wp-block-heading\"><strong>Ir desde Horta de San Joan<\/strong><\/h5>\n\n\n\n<p>El acceso es sencillo. Si entramos en Horta de Sant Joan desde el sur, tenemos que coger la primera calle a mano derecha. Nos lleva a una pista asfaltada que llega hasta Bot, pasando por Les Olles. Antes encontraremos el desv\u00edo al Convento de San Salvador (a mas o menos 1 km desde la salida de Horta), que merece una visita adem\u00e1s de ser el origen de la subida al monte de Santa B\u00e1rbara.<\/p>\n\n\n\n<p>A 5 kms hay en la derecha un amplio arc\u00e9n que permite aparcar. Desde aqu\u00ed se accede por un camino de tierra en la parte de arriba de Les Olles, pero tengo que estar atentos y cruzar el r\u00edo justo antes del primer charco. O s\u00ed, el camino nos llevar\u00e1 a la zona de abajo. Tambi\u00e9n podemos dejar el coche en la zona de aparcamiento de la parte inferior de los charcos. Esta zona es la m\u00e1s conocida, pero por el mismo motivo tambi\u00e9n la m\u00e1s concurrida. Por ello, a quien prefiere la tranquilidad, le conviene la zona de arriba. En cualquier caso, en verano es mejor ir temprano.<\/p>\n\n\n\n<p>El lugar es paradis\u00edaco, aunque en ciertos momentos el volumen de gente puede llegar a romper el encanto. Resulta especialmente agradable para los ni\u00f1os, que se pueden ba\u00f1ar a placer y hacer saltos. En general no son peligrosos, pero siempre hay que tener cuidado antes de lanzarse. Y la naturaleza es tambi\u00e9n impresionante, con alguna cueva dentro del agua, alg\u00fan ca\u00f1\u00f3n bastante profundo e incluso alguna peque\u00f1a cascada. <\/p>\n\n\n\n<figure class=\"wp-block-image size-large\"><img decoding=\"async\" src=\"https:\/\/masdepau.es\/wp-content\/uploads\/2022\/09\/IMG_20220702_160612-1024x768.jpg\" alt=\"LES OLLES - HORTA DE SAN JOAN\" class=\"wp-image-7464\" \/><\/figure>\n\n\n\n<p><\/p>\n\n\n\n<h5 class=\"wp-block-heading\"><strong>Ir a pie a trav\u00e9s de Bot<\/strong><\/h5>\n\n\n\n<p>Salid desde la plaza de la Iglesia por la calle Caseres. Despu\u00e9s\u00a0tomamos la calle de la Estaci\u00f3n, que seguiremos hasta la carretera TV-3301. Este vial s\u00f3lo lo cogemos unos metros, hasta que a mano derecha veremos el desv\u00edo que nos llevar\u00e1 hasta las Olles. En total habremos caminado alrededor de una hora, el tiempo suficiente para sudar y hacer m\u00e1s agradable el ba\u00f1o. Y es que la recompensa al peque\u00f1o esfuerzo vale la pena.<\/p>\n\n\n\n<p><\/p>\n\n\n\n<figure class=\"wp-block-image size-large is-resized\"><img loading=\"lazy\" decoding=\"async\" src=\"https:\/\/masdepau.es\/wp-content\/uploads\/2022\/09\/IMG_20220902_111705-768x1024.jpg\" alt=\"LES OLLES - HORTA DE SAN JOAN\" class=\"wp-image-7465\" width=\"838\" height=\"1117\" \/><\/figure>\n","protected":false},"excerpt":{"rendered":"<p>Distancia desde Mas de Pau: 45 minutos en coche Se trata de un conjunto de seis u ocho charcos conectados el uno con el otro en el r\u00edo Canaletes, algunos de los cuales con bastante profundidad. \u00a0Est\u00e1n situados en el t\u00e9rmino de Horta de Sant Joan, justo en el l\u00edmite con el de Bot. El<\/p>\n<a href=\"https:\/\/masdepau.es\/en\/2022\/09\/13\/les-olles-horta-de-san-joan\/\" class=\"sohohotel-more-link\">Read More<\/a>","protected":false},"author":2,"featured_media":7459,"comment_status":"closed","ping_status":"closed","sticky":false,"template":"","format":"standard","meta":{"footnotes":""},"categories":[34,17,33],"tags":[41],"class_list":["post-6753","post","type-post","status-publish","format-standard","has-post-thumbnail","hentry","category-ninos","category-naturaleza","category-pozas","tag-horta-de-san-joan"],"yoast_head":"<!-- This site is optimized with the Yoast SEO plugin v26.3 - https:\/\/yoast.com\/wordpress\/plugins\/seo\/ -->\n<title>LES OLLES - HORTA DE SAN JOAN - Apartments Mas de Pau<\/title>\n<meta name=\"robots\" content=\"index, follow, max-snippet:-1, max-image-preview:large, max-video-preview:-1\" \/>\n<link rel=\"canonical\" href=\"https:\/\/masdepau.es\/en\/2022\/09\/13\/les-olles-horta-de-san-joan\/\" \/>\n<meta property=\"og:locale\" content=\"en_US\" \/>\n<meta property=\"og:type\" content=\"article\" \/>\n<meta property=\"og:title\" content=\"LES OLLES - HORTA DE SAN JOAN - Apartments Mas de Pau\" \/>\n<meta property=\"og:description\" content=\"Distancia desde Mas de Pau: 45 minutos en coche Se trata de un conjunto de seis u ocho charcos conectados el uno con el otro en el r\u00edo Canaletes, algunos de los cuales con bastante profundidad. \u00a0Est\u00e1n situados en el t\u00e9rmino de Horta de Sant Joan, justo en el l\u00edmite con el de Bot. El\" \/>\n<meta property=\"og:url\" content=\"https:\/\/masdepau.es\/en\/2022\/09\/13\/les-olles-horta-de-san-joan\/\" \/>\n<meta property=\"og:site_name\" content=\"Apartments Mas de Pau\" \/>\n<meta property=\"article:published_time\" content=\"2022-09-13T09:33:52+00:00\" \/>\n<meta name=\"author\" content=\"mas de pau\" \/>\n<meta name=\"twitter:card\" content=\"summary_large_image\" \/>\n<meta name=\"twitter:label1\" content=\"Written by\" \/>\n\t<meta name=\"twitter:data1\" content=\"mas de pau\" \/>\n\t<meta name=\"twitter:label2\" content=\"Est. reading time\" \/>\n\t<meta name=\"twitter:data2\" content=\"2 minutes\" \/>\n<script type=\"application\/ld+json\" class=\"yoast-schema-graph\">{\"@context\":\"https:\/\/schema.org\",\"@graph\":[{\"@type\":\"WebPage\",\"@id\":\"https:\/\/masdepau.es\/en\/2022\/09\/13\/les-olles-horta-de-san-joan\/\",\"url\":\"https:\/\/masdepau.es\/en\/2022\/09\/13\/les-olles-horta-de-san-joan\/\",\"name\":\"LES OLLES - HORTA DE SAN JOAN - Apartments Mas de Pau\",\"isPartOf\":{\"@id\":\"https:\/\/masdepau.es\/en\/#website\"},\"primaryImageOfPage\":{\"@id\":\"https:\/\/masdepau.es\/en\/2022\/09\/13\/les-olles-horta-de-san-joan\/#primaryimage\"},\"image\":{\"@id\":\"https:\/\/masdepau.es\/en\/2022\/09\/13\/les-olles-horta-de-san-joan\/#primaryimage\"},\"thumbnailUrl\":\"\",\"datePublished\":\"2022-09-13T09:33:52+00:00\",\"author\":{\"@id\":\"https:\/\/masdepau.es\/en\/#\/schema\/person\/f155f568feb01b0acdcfad7621b5aec8\"},\"breadcrumb\":{\"@id\":\"https:\/\/masdepau.es\/en\/2022\/09\/13\/les-olles-horta-de-san-joan\/#breadcrumb\"},\"inLanguage\":\"en-US\",\"potentialAction\":[{\"@type\":\"ReadAction\",\"target\":[\"https:\/\/masdepau.es\/en\/2022\/09\/13\/les-olles-horta-de-san-joan\/\"]}]},{\"@type\":\"ImageObject\",\"inLanguage\":\"en-US\",\"@id\":\"https:\/\/masdepau.es\/en\/2022\/09\/13\/les-olles-horta-de-san-joan\/#primaryimage\",\"url\":\"\",\"contentUrl\":\"\"},{\"@type\":\"BreadcrumbList\",\"@id\":\"https:\/\/masdepau.es\/en\/2022\/09\/13\/les-olles-horta-de-san-joan\/#breadcrumb\",\"itemListElement\":[{\"@type\":\"ListItem\",\"position\":1,\"name\":\"Portada\",\"item\":\"https:\/\/masdepau.es\/en\/\"},{\"@type\":\"ListItem\",\"position\":2,\"name\":\"LES OLLES &#8211; HORTA DE SAN JOAN\"}]},{\"@type\":\"WebSite\",\"@id\":\"https:\/\/masdepau.es\/en\/#website\",\"url\":\"https:\/\/masdepau.es\/en\/\",\"name\":\"Apartments Mas de Pau\",\"description\":\"Rural Apartments in the middle of the nature of the Matarra\u00f1a\",\"potentialAction\":[{\"@type\":\"SearchAction\",\"target\":{\"@type\":\"EntryPoint\",\"urlTemplate\":\"https:\/\/masdepau.es\/en\/?s={search_term_string}\"},\"query-input\":{\"@type\":\"PropertyValueSpecification\",\"valueRequired\":true,\"valueName\":\"search_term_string\"}}],\"inLanguage\":\"en-US\"},{\"@type\":\"Person\",\"@id\":\"https:\/\/masdepau.es\/en\/#\/schema\/person\/f155f568feb01b0acdcfad7621b5aec8\",\"name\":\"mas de pau\",\"image\":{\"@type\":\"ImageObject\",\"inLanguage\":\"en-US\",\"@id\":\"https:\/\/masdepau.es\/en\/#\/schema\/person\/image\/\",\"url\":\"https:\/\/secure.gravatar.com\/avatar\/?s=96&d=mm&r=g\",\"contentUrl\":\"https:\/\/secure.gravatar.com\/avatar\/?s=96&d=mm&r=g\",\"caption\":\"mas de pau\"},\"url\":\"https:\/\/masdepau.es\/en\/author\/mas-de-pau\/\"}]}<\/script>\n<!-- \/ Yoast SEO plugin. -->","yoast_head_json":{"title":"LES OLLES - HORTA DE SAN JOAN - Apartments Mas de Pau","robots":{"index":"index","follow":"follow","max-snippet":"max-snippet:-1","max-image-preview":"max-image-preview:large","max-video-preview":"max-video-preview:-1"},"canonical":"https:\/\/masdepau.es\/en\/2022\/09\/13\/les-olles-horta-de-san-joan\/","og_locale":"en_US","og_type":"article","og_title":"LES OLLES - HORTA DE SAN JOAN - Apartments Mas de Pau","og_description":"Distancia desde Mas de Pau: 45 minutos en coche Se trata de un conjunto de seis u ocho charcos conectados el uno con el otro en el r\u00edo Canaletes, algunos de los cuales con bastante profundidad. \u00a0Est\u00e1n situados en el t\u00e9rmino de Horta de Sant Joan, justo en el l\u00edmite con el de Bot. El","og_url":"https:\/\/masdepau.es\/en\/2022\/09\/13\/les-olles-horta-de-san-joan\/","og_site_name":"Apartments Mas de Pau","article_published_time":"2022-09-13T09:33:52+00:00","author":"mas de pau","twitter_card":"summary_large_image","twitter_misc":{"Written by":"mas de pau","Est. reading time":"2 minutes"},"schema":{"@context":"https:\/\/schema.org","@graph":[{"@type":"WebPage","@id":"https:\/\/masdepau.es\/en\/2022\/09\/13\/les-olles-horta-de-san-joan\/","url":"https:\/\/masdepau.es\/en\/2022\/09\/13\/les-olles-horta-de-san-joan\/","name":"LES OLLES - HORTA DE SAN JOAN - Apartments Mas de Pau","isPartOf":{"@id":"https:\/\/masdepau.es\/en\/#website"},"primaryImageOfPage":{"@id":"https:\/\/masdepau.es\/en\/2022\/09\/13\/les-olles-horta-de-san-joan\/#primaryimage"},"image":{"@id":"https:\/\/masdepau.es\/en\/2022\/09\/13\/les-olles-horta-de-san-joan\/#primaryimage"},"thumbnailUrl":"","datePublished":"2022-09-13T09:33:52+00:00","author":{"@id":"https:\/\/masdepau.es\/en\/#\/schema\/person\/f155f568feb01b0acdcfad7621b5aec8"},"breadcrumb":{"@id":"https:\/\/masdepau.es\/en\/2022\/09\/13\/les-olles-horta-de-san-joan\/#breadcrumb"},"inLanguage":"en-US","potentialAction":[{"@type":"ReadAction","target":["https:\/\/masdepau.es\/en\/2022\/09\/13\/les-olles-horta-de-san-joan\/"]}]},{"@type":"ImageObject","inLanguage":"en-US","@id":"https:\/\/masdepau.es\/en\/2022\/09\/13\/les-olles-horta-de-san-joan\/#primaryimage","url":"","contentUrl":""},{"@type":"BreadcrumbList","@id":"https:\/\/masdepau.es\/en\/2022\/09\/13\/les-olles-horta-de-san-joan\/#breadcrumb","itemListElement":[{"@type":"ListItem","position":1,"name":"Portada","item":"https:\/\/masdepau.es\/en\/"},{"@type":"ListItem","position":2,"name":"LES OLLES &#8211; HORTA DE SAN JOAN"}]},{"@type":"WebSite","@id":"https:\/\/masdepau.es\/en\/#website","url":"https:\/\/masdepau.es\/en\/","name":"Apartments Mas de Pau","description":"Rural Apartments in the middle of the nature of the Matarra\u00f1a","potentialAction":[{"@type":"SearchAction","target":{"@type":"EntryPoint","urlTemplate":"https:\/\/masdepau.es\/en\/?s={search_term_string}"},"query-input":{"@type":"PropertyValueSpecification","valueRequired":true,"valueName":"search_term_string"}}],"inLanguage":"en-US"},{"@type":"Person","@id":"https:\/\/masdepau.es\/en\/#\/schema\/person\/f155f568feb01b0acdcfad7621b5aec8","name":"mas de pau","image":{"@type":"ImageObject","inLanguage":"en-US","@id":"https:\/\/masdepau.es\/en\/#\/schema\/person\/image\/","url":"https:\/\/secure.gravatar.com\/avatar\/?s=96&d=mm&r=g","contentUrl":"https:\/\/secure.gravatar.com\/avatar\/?s=96&d=mm&r=g","caption":"mas de pau"},"url":"https:\/\/masdepau.es\/en\/author\/mas-de-pau\/"}]}},"_links":{"self":[{"href":"https:\/\/masdepau.es\/en\/wp-json\/wp\/v2\/posts\/6753","targetHints":{"allow":["GET"]}}],"collection":[{"href":"https:\/\/masdepau.es\/en\/wp-json\/wp\/v2\/posts"}],"about":[{"href":"https:\/\/masdepau.es\/en\/wp-json\/wp\/v2\/types\/post"}],"author":[{"embeddable":true,"href":"https:\/\/masdepau.es\/en\/wp-json\/wp\/v2\/users\/2"}],"replies":[{"embeddable":true,"href":"https:\/\/masdepau.es\/en\/wp-json\/wp\/v2\/comments?post=6753"}],"version-history":[{"count":0,"href":"https:\/\/masdepau.es\/en\/wp-json\/wp\/v2\/posts\/6753\/revisions"}],"wp:featuredmedia":[{"embeddable":true,"href":"https:\/\/masdepau.es\/en\/wp-json\/"}],"wp:attachment":[{"href":"https:\/\/masdepau.es\/en\/wp-json\/wp\/v2\/media?parent=6753"}],"wp:term":[{"taxonomy":"category","embeddable":true,"href":"https:\/\/masdepau.es\/en\/wp-json\/wp\/v2\/categories?post=6753"},{"taxonomy":"post_tag","embeddable":true,"href":"https:\/\/masdepau.es\/en\/wp-json\/wp\/v2\/tags?post=6753"}],"curies":[{"name":"wp","href":"https:\/\/api.w.org\/{rel}","templated":true}]}}