{"id":6763,"date":"2022-09-13T09:48:31","date_gmt":"2022-09-13T09:48:31","guid":{"rendered":"https:\/\/masdepau.es\/?p=6763"},"modified":"2022-09-13T09:48:31","modified_gmt":"2022-09-13T09:48:31","slug":"poblado-iberico-de-san-antonio-calaceite","status":"publish","type":"post","link":"https:\/\/masdepau.es\/en\/2022\/09\/13\/poblado-iberico-de-san-antonio-calaceite\/","title":{"rendered":"POBLADO IB\u00c9RICO DE SAN ANTONIO &#8211; Calaceite"},"content":{"rendered":"\n<ul class=\"wp-block-list\"><li><strong>Distancia desde Mas de Pau:<\/strong> 37 minutos en coche<\/li><\/ul>\n\n\n\n<p>El\u00a0<strong>poblado ib\u00e9rico de San Antonio<\/strong>\u00a0es un\u00a0yacimiento arqueol\u00f3gico\u00a0perteneciente a la cultura\u00a0ib\u00e9rica\u00a0situado en la cima sur del alargado cerro de San Crist\u00f3bal, a un kil\u00f3metro de la localidad de\u00a0Calaceite.<\/p>\n\n\n\n<p>El&nbsp;<strong>acceso al poblado<\/strong>&nbsp;se hac\u00eda desde el norte, como actualmente, donde hubo dos puertas, una en la zona superior y otra junto a la balsa y torre\u00f3n de la zona baja.<\/p>\n\n\n\n<p>Las viviendas eran de planta rectangular y se ordenaban en terrazas a lo largo de varias calles empedradas dispuestas en la ladera y cima del cerro. El conjunto de edificios estaba rodeado por una muralla de la que sobresal\u00edan\u00a0<strong>torreones defensivos<\/strong>. Los muros de las casas ten\u00edan un z\u00f3calo de piedra de mamposter\u00eda sobre el que se erig\u00edan las paredes de adobe o tapial. Las viviendas se apoyaban unas en otras, aprovechando los desniveles naturales del terreno, especialmente la zona m\u00e1s baja del poblado, donde pudieron alcanzar una altura de dos plantas. En su interior se habilitaron mediante la construcci\u00f3n de tabiques de adobe, distintos espacios de habitaci\u00f3n, cocina, almac\u00e9n y otras dependencias.<\/p>\n\n\n\n<p>En el sector Noroeste del poblado de San Antonio se conserva todav\u00eda una gran balsa de recogida de aguas pluviales que fue construida para abastecer las necesidades del consumo de agua de sus pobladores.<\/p>\n\n\n\n<figure class=\"wp-block-image size-large\"><img decoding=\"async\" src=\"https:\/\/masdepau.es\/wp-content\/uploads\/2022\/09\/IMG_20210824_113755-1024x768.jpg\" alt=\"POBLADO IB\u00c9RICO DE SAN ANTONIO\" class=\"wp-image-7031\" \/><figcaption>Fotos \u00a9 Laura Hambrouck<\/figcaption><\/figure>\n","protected":false},"excerpt":{"rendered":"<p>Distancia desde Mas de Pau: 37 minutos en coche El\u00a0poblado ib\u00e9rico de San Antonio\u00a0es un\u00a0yacimiento arqueol\u00f3gico\u00a0perteneciente a la cultura\u00a0ib\u00e9rica\u00a0situado en la cima sur del alargado cerro de San Crist\u00f3bal, a un kil\u00f3metro de la localidad de\u00a0Calaceite. El&nbsp;acceso al poblado&nbsp;se hac\u00eda desde el norte, como actualmente, donde hubo dos puertas, una en la zona superior y<\/p>\n<a href=\"https:\/\/masdepau.es\/en\/2022\/09\/13\/poblado-iberico-de-san-antonio-calaceite\/\" class=\"sohohotel-more-link\">Read More<\/a>","protected":false},"author":2,"featured_media":7029,"comment_status":"closed","ping_status":"closed","sticky":false,"template":"","format":"standard","meta":{"footnotes":""},"categories":[34,20,21],"tags":[42],"class_list":["post-6763","post","type-post","status-publish","format-standard","has-post-thumbnail","hentry","category-ninos","category-cultura","category-pueblos","tag-calaceite"],"yoast_head":"<!-- This site is optimized with the Yoast SEO plugin v26.3 - https:\/\/yoast.com\/wordpress\/plugins\/seo\/ -->\n<title>POBLADO IB\u00c9RICO DE SAN ANTONIO - Calaceite - Apartments Mas de Pau<\/title>\n<meta name=\"robots\" content=\"index, follow, max-snippet:-1, max-image-preview:large, max-video-preview:-1\" \/>\n<link rel=\"canonical\" href=\"https:\/\/masdepau.es\/en\/2022\/09\/13\/poblado-iberico-de-san-antonio-calaceite\/\" \/>\n<meta property=\"og:locale\" content=\"en_US\" \/>\n<meta property=\"og:type\" content=\"article\" \/>\n<meta property=\"og:title\" content=\"POBLADO IB\u00c9RICO DE SAN ANTONIO - Calaceite - Apartments Mas de Pau\" \/>\n<meta property=\"og:description\" content=\"Distancia desde Mas de Pau: 37 minutos en coche El\u00a0poblado ib\u00e9rico de San Antonio\u00a0es un\u00a0yacimiento arqueol\u00f3gico\u00a0perteneciente a la cultura\u00a0ib\u00e9rica\u00a0situado en la cima sur del alargado cerro de San Crist\u00f3bal, a un kil\u00f3metro de la localidad de\u00a0Calaceite. El&nbsp;acceso al poblado&nbsp;se hac\u00eda desde el norte, como actualmente, donde hubo dos puertas, una en la zona superior y\" \/>\n<meta property=\"og:url\" content=\"https:\/\/masdepau.es\/en\/2022\/09\/13\/poblado-iberico-de-san-antonio-calaceite\/\" \/>\n<meta property=\"og:site_name\" content=\"Apartments Mas de Pau\" \/>\n<meta property=\"article:published_time\" content=\"2022-09-13T09:48:31+00:00\" \/>\n<meta name=\"author\" content=\"mas de pau\" \/>\n<meta name=\"twitter:card\" content=\"summary_large_image\" \/>\n<meta name=\"twitter:label1\" content=\"Written by\" \/>\n\t<meta name=\"twitter:data1\" content=\"mas de pau\" \/>\n\t<meta name=\"twitter:label2\" content=\"Est. reading time\" \/>\n\t<meta name=\"twitter:data2\" content=\"1 minute\" \/>\n<script type=\"application\/ld+json\" class=\"yoast-schema-graph\">{\"@context\":\"https:\/\/schema.org\",\"@graph\":[{\"@type\":\"WebPage\",\"@id\":\"https:\/\/masdepau.es\/en\/2022\/09\/13\/poblado-iberico-de-san-antonio-calaceite\/\",\"url\":\"https:\/\/masdepau.es\/en\/2022\/09\/13\/poblado-iberico-de-san-antonio-calaceite\/\",\"name\":\"POBLADO IB\u00c9RICO DE SAN ANTONIO - Calaceite - Apartments Mas de Pau\",\"isPartOf\":{\"@id\":\"https:\/\/masdepau.es\/en\/#website\"},\"primaryImageOfPage\":{\"@id\":\"https:\/\/masdepau.es\/en\/2022\/09\/13\/poblado-iberico-de-san-antonio-calaceite\/#primaryimage\"},\"image\":{\"@id\":\"https:\/\/masdepau.es\/en\/2022\/09\/13\/poblado-iberico-de-san-antonio-calaceite\/#primaryimage\"},\"thumbnailUrl\":\"\",\"datePublished\":\"2022-09-13T09:48:31+00:00\",\"author\":{\"@id\":\"https:\/\/masdepau.es\/en\/#\/schema\/person\/f155f568feb01b0acdcfad7621b5aec8\"},\"breadcrumb\":{\"@id\":\"https:\/\/masdepau.es\/en\/2022\/09\/13\/poblado-iberico-de-san-antonio-calaceite\/#breadcrumb\"},\"inLanguage\":\"en-US\",\"potentialAction\":[{\"@type\":\"ReadAction\",\"target\":[\"https:\/\/masdepau.es\/en\/2022\/09\/13\/poblado-iberico-de-san-antonio-calaceite\/\"]}]},{\"@type\":\"ImageObject\",\"inLanguage\":\"en-US\",\"@id\":\"https:\/\/masdepau.es\/en\/2022\/09\/13\/poblado-iberico-de-san-antonio-calaceite\/#primaryimage\",\"url\":\"\",\"contentUrl\":\"\"},{\"@type\":\"BreadcrumbList\",\"@id\":\"https:\/\/masdepau.es\/en\/2022\/09\/13\/poblado-iberico-de-san-antonio-calaceite\/#breadcrumb\",\"itemListElement\":[{\"@type\":\"ListItem\",\"position\":1,\"name\":\"Portada\",\"item\":\"https:\/\/masdepau.es\/en\/\"},{\"@type\":\"ListItem\",\"position\":2,\"name\":\"POBLADO IB\u00c9RICO DE SAN ANTONIO &#8211; Calaceite\"}]},{\"@type\":\"WebSite\",\"@id\":\"https:\/\/masdepau.es\/en\/#website\",\"url\":\"https:\/\/masdepau.es\/en\/\",\"name\":\"Apartments Mas de Pau\",\"description\":\"Rural Apartments in the middle of the nature of the Matarra\u00f1a\",\"potentialAction\":[{\"@type\":\"SearchAction\",\"target\":{\"@type\":\"EntryPoint\",\"urlTemplate\":\"https:\/\/masdepau.es\/en\/?s={search_term_string}\"},\"query-input\":{\"@type\":\"PropertyValueSpecification\",\"valueRequired\":true,\"valueName\":\"search_term_string\"}}],\"inLanguage\":\"en-US\"},{\"@type\":\"Person\",\"@id\":\"https:\/\/masdepau.es\/en\/#\/schema\/person\/f155f568feb01b0acdcfad7621b5aec8\",\"name\":\"mas de pau\",\"image\":{\"@type\":\"ImageObject\",\"inLanguage\":\"en-US\",\"@id\":\"https:\/\/masdepau.es\/en\/#\/schema\/person\/image\/\",\"url\":\"https:\/\/secure.gravatar.com\/avatar\/?s=96&d=mm&r=g\",\"contentUrl\":\"https:\/\/secure.gravatar.com\/avatar\/?s=96&d=mm&r=g\",\"caption\":\"mas de pau\"},\"url\":\"https:\/\/masdepau.es\/en\/author\/mas-de-pau\/\"}]}<\/script>\n<!-- \/ Yoast SEO plugin. -->","yoast_head_json":{"title":"POBLADO IB\u00c9RICO DE SAN ANTONIO - Calaceite - Apartments Mas de Pau","robots":{"index":"index","follow":"follow","max-snippet":"max-snippet:-1","max-image-preview":"max-image-preview:large","max-video-preview":"max-video-preview:-1"},"canonical":"https:\/\/masdepau.es\/en\/2022\/09\/13\/poblado-iberico-de-san-antonio-calaceite\/","og_locale":"en_US","og_type":"article","og_title":"POBLADO IB\u00c9RICO DE SAN ANTONIO - Calaceite - Apartments Mas de Pau","og_description":"Distancia desde Mas de Pau: 37 minutos en coche El\u00a0poblado ib\u00e9rico de San Antonio\u00a0es un\u00a0yacimiento arqueol\u00f3gico\u00a0perteneciente a la cultura\u00a0ib\u00e9rica\u00a0situado en la cima sur del alargado cerro de San Crist\u00f3bal, a un kil\u00f3metro de la localidad de\u00a0Calaceite. El&nbsp;acceso al poblado&nbsp;se hac\u00eda desde el norte, como actualmente, donde hubo dos puertas, una en la zona superior y","og_url":"https:\/\/masdepau.es\/en\/2022\/09\/13\/poblado-iberico-de-san-antonio-calaceite\/","og_site_name":"Apartments Mas de Pau","article_published_time":"2022-09-13T09:48:31+00:00","author":"mas de pau","twitter_card":"summary_large_image","twitter_misc":{"Written by":"mas de pau","Est. reading time":"1 minute"},"schema":{"@context":"https:\/\/schema.org","@graph":[{"@type":"WebPage","@id":"https:\/\/masdepau.es\/en\/2022\/09\/13\/poblado-iberico-de-san-antonio-calaceite\/","url":"https:\/\/masdepau.es\/en\/2022\/09\/13\/poblado-iberico-de-san-antonio-calaceite\/","name":"POBLADO IB\u00c9RICO DE SAN ANTONIO - Calaceite - Apartments Mas de Pau","isPartOf":{"@id":"https:\/\/masdepau.es\/en\/#website"},"primaryImageOfPage":{"@id":"https:\/\/masdepau.es\/en\/2022\/09\/13\/poblado-iberico-de-san-antonio-calaceite\/#primaryimage"},"image":{"@id":"https:\/\/masdepau.es\/en\/2022\/09\/13\/poblado-iberico-de-san-antonio-calaceite\/#primaryimage"},"thumbnailUrl":"","datePublished":"2022-09-13T09:48:31+00:00","author":{"@id":"https:\/\/masdepau.es\/en\/#\/schema\/person\/f155f568feb01b0acdcfad7621b5aec8"},"breadcrumb":{"@id":"https:\/\/masdepau.es\/en\/2022\/09\/13\/poblado-iberico-de-san-antonio-calaceite\/#breadcrumb"},"inLanguage":"en-US","potentialAction":[{"@type":"ReadAction","target":["https:\/\/masdepau.es\/en\/2022\/09\/13\/poblado-iberico-de-san-antonio-calaceite\/"]}]},{"@type":"ImageObject","inLanguage":"en-US","@id":"https:\/\/masdepau.es\/en\/2022\/09\/13\/poblado-iberico-de-san-antonio-calaceite\/#primaryimage","url":"","contentUrl":""},{"@type":"BreadcrumbList","@id":"https:\/\/masdepau.es\/en\/2022\/09\/13\/poblado-iberico-de-san-antonio-calaceite\/#breadcrumb","itemListElement":[{"@type":"ListItem","position":1,"name":"Portada","item":"https:\/\/masdepau.es\/en\/"},{"@type":"ListItem","position":2,"name":"POBLADO IB\u00c9RICO DE SAN ANTONIO &#8211; Calaceite"}]},{"@type":"WebSite","@id":"https:\/\/masdepau.es\/en\/#website","url":"https:\/\/masdepau.es\/en\/","name":"Apartments Mas de Pau","description":"Rural Apartments in the middle of the nature of the Matarra\u00f1a","potentialAction":[{"@type":"SearchAction","target":{"@type":"EntryPoint","urlTemplate":"https:\/\/masdepau.es\/en\/?s={search_term_string}"},"query-input":{"@type":"PropertyValueSpecification","valueRequired":true,"valueName":"search_term_string"}}],"inLanguage":"en-US"},{"@type":"Person","@id":"https:\/\/masdepau.es\/en\/#\/schema\/person\/f155f568feb01b0acdcfad7621b5aec8","name":"mas de pau","image":{"@type":"ImageObject","inLanguage":"en-US","@id":"https:\/\/masdepau.es\/en\/#\/schema\/person\/image\/","url":"https:\/\/secure.gravatar.com\/avatar\/?s=96&d=mm&r=g","contentUrl":"https:\/\/secure.gravatar.com\/avatar\/?s=96&d=mm&r=g","caption":"mas de pau"},"url":"https:\/\/masdepau.es\/en\/author\/mas-de-pau\/"}]}},"_links":{"self":[{"href":"https:\/\/masdepau.es\/en\/wp-json\/wp\/v2\/posts\/6763","targetHints":{"allow":["GET"]}}],"collection":[{"href":"https:\/\/masdepau.es\/en\/wp-json\/wp\/v2\/posts"}],"about":[{"href":"https:\/\/masdepau.es\/en\/wp-json\/wp\/v2\/types\/post"}],"author":[{"embeddable":true,"href":"https:\/\/masdepau.es\/en\/wp-json\/wp\/v2\/users\/2"}],"replies":[{"embeddable":true,"href":"https:\/\/masdepau.es\/en\/wp-json\/wp\/v2\/comments?post=6763"}],"version-history":[{"count":0,"href":"https:\/\/masdepau.es\/en\/wp-json\/wp\/v2\/posts\/6763\/revisions"}],"wp:featuredmedia":[{"embeddable":true,"href":"https:\/\/masdepau.es\/en\/wp-json\/"}],"wp:attachment":[{"href":"https:\/\/masdepau.es\/en\/wp-json\/wp\/v2\/media?parent=6763"}],"wp:term":[{"taxonomy":"category","embeddable":true,"href":"https:\/\/masdepau.es\/en\/wp-json\/wp\/v2\/categories?post=6763"},{"taxonomy":"post_tag","embeddable":true,"href":"https:\/\/masdepau.es\/en\/wp-json\/wp\/v2\/tags?post=6763"}],"curies":[{"name":"wp","href":"https:\/\/api.w.org\/{rel}","templated":true}]}}