{"id":6874,"date":"2022-09-14T09:38:18","date_gmt":"2022-09-14T09:38:18","guid":{"rendered":"https:\/\/masdepau.es\/?p=6874"},"modified":"2022-09-14T09:38:18","modified_gmt":"2022-09-14T09:38:18","slug":"estrets-darnes-arnes","status":"publish","type":"post","link":"https:\/\/masdepau.es\/en\/2022\/09\/14\/estrets-darnes-arnes\/","title":{"rendered":"ESTRETS D\u2019ARN\u00c9S \u2013 Arn\u00e9s"},"content":{"rendered":"\n<ul class=\"wp-block-list\"><li><strong>Distancia desde Mas de Pau:<\/strong> 45 minutos en coche<\/li><li><strong>Acceso<\/strong>: al p\u00e1rking despu\u00e9s de conducir por una pista de 3 km bien se\u00f1alizada<\/li><li><strong>Distancia recorrida: <\/strong>10,5 km<\/li><li><strong>Perros permitidos<\/strong><\/li><li><strong>Dificultad: f\u00e1cil<\/strong><\/li><\/ul>\n\n\n\n<p>A 3 km de la poblaci\u00f3n de Arnes encontramos la ruta dels \u201cEstrets\u201d, una ruta muy parecida al Parrizal en caracter\u00edsticas t\u00e9cnicas pero con un paisaje diferente. La ruta se encuentra en el interior del parque natural y adem\u00e1s es reserva de fauna salvaje.<\/p>\n\n\n\n<figure class=\"wp-block-gallery has-nested-images columns-default is-cropped wp-block-gallery-1 is-layout-flex wp-block-gallery-is-layout-flex\">\n<figure class=\"wp-block-image size-large\"><img decoding=\"async\" data-id=\"6878\" src=\"https:\/\/masdepau.es\/wp-content\/uploads\/2022\/09\/PSX_20220513_113636-768x1024.jpg\" alt=\"estrets de arnes\" class=\"wp-image-6878\" \/><\/figure>\n\n\n\n<figure class=\"wp-block-image size-large\"><img decoding=\"async\" data-id=\"6877\" src=\"https:\/\/masdepau.es\/wp-content\/uploads\/2022\/09\/PSX_20220513_113246-768x1024.jpg\" alt=\"estrets de arnes\" class=\"wp-image-6877\" \/><\/figure>\n<figcaption class=\"blocks-gallery-caption\">\u00a9 Laura Hambrouck<\/figcaption><\/figure>\n\n\n\n<p>Un paisaje t\u00edpicamente de monta\u00f1a, formado por un abrupto laberinto de bosque y rocas alrededor del maravilloso congosto. Los Estrets d\u2019Arnes es uno de los parajes m\u00e1s bellos del macizo de Els Ports, las monta\u00f1as m\u00e1s salvajes de la Catalunya meridional. El espacio incluye m\u00e1s de 450 ha de cinglas y barrancos en medio de pinares, matorrales y prados, en el extremo m\u00e1s occidental del Parque Natural de Els Ports.<\/p>\n\n\n\n<p>El r\u00edo Estrets, arteria principal del espacio, discurre sinuoso saltando de balsa en balsa entre las formaciones rocosas que forman unas curiosas paredes. Atenci\u00f3n: solo est\u00e1 permitido ba\u00f1arse en el Toll Blau.<\/p>\n\n\n\n<figure class=\"wp-block-image size-full is-resized\"><img loading=\"lazy\" decoding=\"async\" src=\"https:\/\/masdepau.es\/wp-content\/uploads\/2022\/09\/PSX_20220511_165441.jpg\" alt=\"estrets de arnes\" class=\"wp-image-6879\" width=\"838\" height=\"629\" \/><figcaption>\u00a9 Laura Hambrouck<\/figcaption><\/figure>\n\n\n\n<figure class=\"wp-block-image size-full is-resized\"><img loading=\"lazy\" decoding=\"async\" src=\"https:\/\/masdepau.es\/wp-content\/uploads\/2022\/09\/PSX_20220513_114435.jpg\" alt=\"estrets de arnes\" class=\"wp-image-6880\" width=\"841\" height=\"631\" \/><figcaption>\u00a9 Laura Hambrouck<\/figcaption><\/figure>\n","protected":false},"excerpt":{"rendered":"<p>Distancia desde Mas de Pau: 45 minutos en coche Acceso: al p\u00e1rking despu\u00e9s de conducir por una pista de 3 km bien se\u00f1alizada Distancia recorrida: 10,5 km Perros permitidos Dificultad: f\u00e1cil A 3 km de la poblaci\u00f3n de Arnes encontramos la ruta dels \u201cEstrets\u201d, una ruta muy parecida al Parrizal en caracter\u00edsticas t\u00e9cnicas pero con<\/p>\n<a href=\"https:\/\/masdepau.es\/en\/2022\/09\/14\/estrets-darnes-arnes\/\" class=\"sohohotel-more-link\">Read More<\/a>","protected":false},"author":2,"featured_media":7503,"comment_status":"closed","ping_status":"closed","sticky":false,"template":"","format":"standard","meta":{"footnotes":""},"categories":[34,17,33,25],"tags":[26],"class_list":["post-6874","post","type-post","status-publish","format-standard","has-post-thumbnail","hentry","category-ninos","category-naturaleza","category-pozas","category-senderismo","tag-arnes"],"yoast_head":"<!-- This site is optimized with the Yoast SEO plugin v26.3 - https:\/\/yoast.com\/wordpress\/plugins\/seo\/ -->\n<title>ESTRETS D\u2019ARN\u00c9S \u2013 Arn\u00e9s - Apartments Mas de Pau<\/title>\n<meta name=\"robots\" content=\"index, follow, max-snippet:-1, max-image-preview:large, max-video-preview:-1\" \/>\n<link rel=\"canonical\" href=\"https:\/\/masdepau.es\/en\/2022\/09\/14\/estrets-darnes-arnes\/\" \/>\n<meta property=\"og:locale\" content=\"en_US\" \/>\n<meta property=\"og:type\" content=\"article\" \/>\n<meta property=\"og:title\" content=\"ESTRETS D\u2019ARN\u00c9S \u2013 Arn\u00e9s - Apartments Mas de Pau\" \/>\n<meta property=\"og:description\" content=\"Distancia desde Mas de Pau: 45 minutos en coche Acceso: al p\u00e1rking despu\u00e9s de conducir por una pista de 3 km bien se\u00f1alizada Distancia recorrida: 10,5 km Perros permitidos Dificultad: f\u00e1cil A 3 km de la poblaci\u00f3n de Arnes encontramos la ruta dels \u201cEstrets\u201d, una ruta muy parecida al Parrizal en caracter\u00edsticas t\u00e9cnicas pero con\" \/>\n<meta property=\"og:url\" content=\"https:\/\/masdepau.es\/en\/2022\/09\/14\/estrets-darnes-arnes\/\" \/>\n<meta property=\"og:site_name\" content=\"Apartments Mas de Pau\" \/>\n<meta property=\"article:published_time\" content=\"2022-09-14T09:38:18+00:00\" \/>\n<meta name=\"author\" content=\"mas de pau\" \/>\n<meta name=\"twitter:card\" content=\"summary_large_image\" \/>\n<meta name=\"twitter:label1\" content=\"Written by\" \/>\n\t<meta name=\"twitter:data1\" content=\"mas de pau\" \/>\n\t<meta name=\"twitter:label2\" content=\"Est. reading time\" \/>\n\t<meta name=\"twitter:data2\" content=\"1 minute\" \/>\n<script type=\"application\/ld+json\" class=\"yoast-schema-graph\">{\"@context\":\"https:\/\/schema.org\",\"@graph\":[{\"@type\":\"WebPage\",\"@id\":\"https:\/\/masdepau.es\/en\/2022\/09\/14\/estrets-darnes-arnes\/\",\"url\":\"https:\/\/masdepau.es\/en\/2022\/09\/14\/estrets-darnes-arnes\/\",\"name\":\"ESTRETS D\u2019ARN\u00c9S \u2013 Arn\u00e9s - Apartments Mas de Pau\",\"isPartOf\":{\"@id\":\"https:\/\/masdepau.es\/en\/#website\"},\"primaryImageOfPage\":{\"@id\":\"https:\/\/masdepau.es\/en\/2022\/09\/14\/estrets-darnes-arnes\/#primaryimage\"},\"image\":{\"@id\":\"https:\/\/masdepau.es\/en\/2022\/09\/14\/estrets-darnes-arnes\/#primaryimage\"},\"thumbnailUrl\":\"\",\"datePublished\":\"2022-09-14T09:38:18+00:00\",\"author\":{\"@id\":\"https:\/\/masdepau.es\/en\/#\/schema\/person\/f155f568feb01b0acdcfad7621b5aec8\"},\"breadcrumb\":{\"@id\":\"https:\/\/masdepau.es\/en\/2022\/09\/14\/estrets-darnes-arnes\/#breadcrumb\"},\"inLanguage\":\"en-US\",\"potentialAction\":[{\"@type\":\"ReadAction\",\"target\":[\"https:\/\/masdepau.es\/en\/2022\/09\/14\/estrets-darnes-arnes\/\"]}]},{\"@type\":\"ImageObject\",\"inLanguage\":\"en-US\",\"@id\":\"https:\/\/masdepau.es\/en\/2022\/09\/14\/estrets-darnes-arnes\/#primaryimage\",\"url\":\"\",\"contentUrl\":\"\"},{\"@type\":\"BreadcrumbList\",\"@id\":\"https:\/\/masdepau.es\/en\/2022\/09\/14\/estrets-darnes-arnes\/#breadcrumb\",\"itemListElement\":[{\"@type\":\"ListItem\",\"position\":1,\"name\":\"Portada\",\"item\":\"https:\/\/masdepau.es\/en\/\"},{\"@type\":\"ListItem\",\"position\":2,\"name\":\"ESTRETS D\u2019ARN\u00c9S \u2013 Arn\u00e9s\"}]},{\"@type\":\"WebSite\",\"@id\":\"https:\/\/masdepau.es\/en\/#website\",\"url\":\"https:\/\/masdepau.es\/en\/\",\"name\":\"Apartments Mas de Pau\",\"description\":\"Rural Apartments in the middle of the nature of the Matarra\u00f1a\",\"potentialAction\":[{\"@type\":\"SearchAction\",\"target\":{\"@type\":\"EntryPoint\",\"urlTemplate\":\"https:\/\/masdepau.es\/en\/?s={search_term_string}\"},\"query-input\":{\"@type\":\"PropertyValueSpecification\",\"valueRequired\":true,\"valueName\":\"search_term_string\"}}],\"inLanguage\":\"en-US\"},{\"@type\":\"Person\",\"@id\":\"https:\/\/masdepau.es\/en\/#\/schema\/person\/f155f568feb01b0acdcfad7621b5aec8\",\"name\":\"mas de pau\",\"image\":{\"@type\":\"ImageObject\",\"inLanguage\":\"en-US\",\"@id\":\"https:\/\/masdepau.es\/en\/#\/schema\/person\/image\/\",\"url\":\"https:\/\/secure.gravatar.com\/avatar\/?s=96&d=mm&r=g\",\"contentUrl\":\"https:\/\/secure.gravatar.com\/avatar\/?s=96&d=mm&r=g\",\"caption\":\"mas de pau\"},\"url\":\"https:\/\/masdepau.es\/en\/author\/mas-de-pau\/\"}]}<\/script>\n<!-- \/ Yoast SEO plugin. -->","yoast_head_json":{"title":"ESTRETS D\u2019ARN\u00c9S \u2013 Arn\u00e9s - Apartments Mas de Pau","robots":{"index":"index","follow":"follow","max-snippet":"max-snippet:-1","max-image-preview":"max-image-preview:large","max-video-preview":"max-video-preview:-1"},"canonical":"https:\/\/masdepau.es\/en\/2022\/09\/14\/estrets-darnes-arnes\/","og_locale":"en_US","og_type":"article","og_title":"ESTRETS D\u2019ARN\u00c9S \u2013 Arn\u00e9s - Apartments Mas de Pau","og_description":"Distancia desde Mas de Pau: 45 minutos en coche Acceso: al p\u00e1rking despu\u00e9s de conducir por una pista de 3 km bien se\u00f1alizada Distancia recorrida: 10,5 km Perros permitidos Dificultad: f\u00e1cil A 3 km de la poblaci\u00f3n de Arnes encontramos la ruta dels \u201cEstrets\u201d, una ruta muy parecida al Parrizal en caracter\u00edsticas t\u00e9cnicas pero con","og_url":"https:\/\/masdepau.es\/en\/2022\/09\/14\/estrets-darnes-arnes\/","og_site_name":"Apartments Mas de Pau","article_published_time":"2022-09-14T09:38:18+00:00","author":"mas de pau","twitter_card":"summary_large_image","twitter_misc":{"Written by":"mas de pau","Est. reading time":"1 minute"},"schema":{"@context":"https:\/\/schema.org","@graph":[{"@type":"WebPage","@id":"https:\/\/masdepau.es\/en\/2022\/09\/14\/estrets-darnes-arnes\/","url":"https:\/\/masdepau.es\/en\/2022\/09\/14\/estrets-darnes-arnes\/","name":"ESTRETS D\u2019ARN\u00c9S \u2013 Arn\u00e9s - Apartments Mas de Pau","isPartOf":{"@id":"https:\/\/masdepau.es\/en\/#website"},"primaryImageOfPage":{"@id":"https:\/\/masdepau.es\/en\/2022\/09\/14\/estrets-darnes-arnes\/#primaryimage"},"image":{"@id":"https:\/\/masdepau.es\/en\/2022\/09\/14\/estrets-darnes-arnes\/#primaryimage"},"thumbnailUrl":"","datePublished":"2022-09-14T09:38:18+00:00","author":{"@id":"https:\/\/masdepau.es\/en\/#\/schema\/person\/f155f568feb01b0acdcfad7621b5aec8"},"breadcrumb":{"@id":"https:\/\/masdepau.es\/en\/2022\/09\/14\/estrets-darnes-arnes\/#breadcrumb"},"inLanguage":"en-US","potentialAction":[{"@type":"ReadAction","target":["https:\/\/masdepau.es\/en\/2022\/09\/14\/estrets-darnes-arnes\/"]}]},{"@type":"ImageObject","inLanguage":"en-US","@id":"https:\/\/masdepau.es\/en\/2022\/09\/14\/estrets-darnes-arnes\/#primaryimage","url":"","contentUrl":""},{"@type":"BreadcrumbList","@id":"https:\/\/masdepau.es\/en\/2022\/09\/14\/estrets-darnes-arnes\/#breadcrumb","itemListElement":[{"@type":"ListItem","position":1,"name":"Portada","item":"https:\/\/masdepau.es\/en\/"},{"@type":"ListItem","position":2,"name":"ESTRETS D\u2019ARN\u00c9S \u2013 Arn\u00e9s"}]},{"@type":"WebSite","@id":"https:\/\/masdepau.es\/en\/#website","url":"https:\/\/masdepau.es\/en\/","name":"Apartments Mas de Pau","description":"Rural Apartments in the middle of the nature of the Matarra\u00f1a","potentialAction":[{"@type":"SearchAction","target":{"@type":"EntryPoint","urlTemplate":"https:\/\/masdepau.es\/en\/?s={search_term_string}"},"query-input":{"@type":"PropertyValueSpecification","valueRequired":true,"valueName":"search_term_string"}}],"inLanguage":"en-US"},{"@type":"Person","@id":"https:\/\/masdepau.es\/en\/#\/schema\/person\/f155f568feb01b0acdcfad7621b5aec8","name":"mas de pau","image":{"@type":"ImageObject","inLanguage":"en-US","@id":"https:\/\/masdepau.es\/en\/#\/schema\/person\/image\/","url":"https:\/\/secure.gravatar.com\/avatar\/?s=96&d=mm&r=g","contentUrl":"https:\/\/secure.gravatar.com\/avatar\/?s=96&d=mm&r=g","caption":"mas de pau"},"url":"https:\/\/masdepau.es\/en\/author\/mas-de-pau\/"}]}},"_links":{"self":[{"href":"https:\/\/masdepau.es\/en\/wp-json\/wp\/v2\/posts\/6874","targetHints":{"allow":["GET"]}}],"collection":[{"href":"https:\/\/masdepau.es\/en\/wp-json\/wp\/v2\/posts"}],"about":[{"href":"https:\/\/masdepau.es\/en\/wp-json\/wp\/v2\/types\/post"}],"author":[{"embeddable":true,"href":"https:\/\/masdepau.es\/en\/wp-json\/wp\/v2\/users\/2"}],"replies":[{"embeddable":true,"href":"https:\/\/masdepau.es\/en\/wp-json\/wp\/v2\/comments?post=6874"}],"version-history":[{"count":0,"href":"https:\/\/masdepau.es\/en\/wp-json\/wp\/v2\/posts\/6874\/revisions"}],"wp:featuredmedia":[{"embeddable":true,"href":"https:\/\/masdepau.es\/en\/wp-json\/"}],"wp:attachment":[{"href":"https:\/\/masdepau.es\/en\/wp-json\/wp\/v2\/media?parent=6874"}],"wp:term":[{"taxonomy":"category","embeddable":true,"href":"https:\/\/masdepau.es\/en\/wp-json\/wp\/v2\/categories?post=6874"},{"taxonomy":"post_tag","embeddable":true,"href":"https:\/\/masdepau.es\/en\/wp-json\/wp\/v2\/tags?post=6874"}],"curies":[{"name":"wp","href":"https:\/\/api.w.org\/{rel}","templated":true}]}}