{"id":98,"date":"2022-05-09T08:05:18","date_gmt":"2022-05-09T08:05:18","guid":{"rendered":"https:\/\/masdepau.live-website.com\/celebrating-20th-anniversary-of-soho-hotel"},"modified":"2022-05-09T08:05:18","modified_gmt":"2022-05-09T08:05:18","slug":"salto","status":"publish","type":"post","link":"https:\/\/masdepau.es\/en\/2022\/05\/09\/salto\/","title":{"rendered":"EL SALTO &#8211; La Portellada"},"content":{"rendered":"<div class=\"wpb-content-wrapper\"><p>[vc_row][vc_column][vc_column_text]El salto de agua del r\u00edo Tastavins, afluente del r\u00edo Matarra\u00f1a, uno de los lugares m\u00e1s bonitos de la zona, donde el r\u00edo Tastavins da lugar a una cascada de unos veinte metros. El caudal del Salto depende de las lluvias as\u00ed durante las sequ\u00edas se puede que el salto desaparece. En la parte superior del salto, se observa un espectacular juego de formas producidas por la erosi\u00f3n.[\/vc_column_text][vc_column_text]<\/p>\n<ul>\n<li><strong>Distancia<\/strong>: 13,7 km de nuestros apartamentos (28 minutos en coche) o se puede caminar por la ruta a caballo desde nuestros apartamentos<\/li>\n<li><strong>Acceso<\/strong>: Coger la carretera TE-V-3004 que une el pueblo de la Portellada con el de Valderrobres, un desv\u00edo se\u00f1alizado nos adentrada por un camino forestal hasta llegar al salto.<\/li>\n<li><strong>Observaciones<\/strong>: el parking se encuentra a lado de la cascada[\/vc_column_text][vc_single_image image=&#8221;801&#8243; img_size=&#8221;large&#8221; alignment=&#8221;center&#8221; style=&#8221;vc_box_outline&#8221;][\/vc_column][\/vc_row][vc_row][vc_column][vc_single_image image=&#8221;800&#8243; img_size=&#8221;large&#8221; alignment=&#8221;center&#8221; style=&#8221;vc_box_outline&#8221;][\/vc_column][\/vc_row][vc_row][vc_column][vc_single_image image=&#8221;799&#8243; img_size=&#8221;large&#8221; alignment=&#8221;center&#8221; style=&#8221;vc_box_outline&#8221;][\/vc_column][\/vc_row]<\/li>\n<\/ul>\n<\/div>","protected":false},"excerpt":{"rendered":"<p>[vc_row][vc_column][vc_column_text]El salto de agua del r\u00edo Tastavins, afluente del r\u00edo Matarra\u00f1a, uno de los lugares m\u00e1s bonitos de la zona, donde el r\u00edo Tastavins da lugar a una cascada de unos veinte metros. El caudal del Salto depende de las lluvias as\u00ed durante las sequ\u00edas se puede que el salto desaparece. En la parte superior<\/p>\n<a href=\"https:\/\/masdepau.es\/en\/2022\/05\/09\/salto\/\" class=\"sohohotel-more-link\">Read More<\/a>","protected":false},"author":2,"featured_media":7511,"comment_status":"open","ping_status":"closed","sticky":false,"template":"","format":"standard","meta":{"footnotes":""},"categories":[17,33],"tags":[19],"class_list":["post-98","post","type-post","status-publish","format-standard","has-post-thumbnail","hentry","category-naturaleza","category-pozas","tag-la-portellada"],"yoast_head":"<!-- This site is optimized with the Yoast SEO plugin v26.3 - https:\/\/yoast.com\/wordpress\/plugins\/seo\/ -->\n<title>EL SALTO - La Portellada - Apartments Mas de Pau<\/title>\n<meta name=\"robots\" content=\"index, follow, max-snippet:-1, max-image-preview:large, max-video-preview:-1\" \/>\n<link rel=\"canonical\" href=\"https:\/\/masdepau.es\/en\/2022\/05\/09\/salto\/\" \/>\n<meta property=\"og:locale\" content=\"en_US\" \/>\n<meta property=\"og:type\" content=\"article\" \/>\n<meta property=\"og:title\" content=\"EL SALTO - La Portellada - Apartments Mas de Pau\" \/>\n<meta property=\"og:description\" content=\"[vc_row][vc_column][vc_column_text]El salto de agua del r\u00edo Tastavins, afluente del r\u00edo Matarra\u00f1a, uno de los lugares m\u00e1s bonitos de la zona, donde el r\u00edo Tastavins da lugar a una cascada de unos veinte metros. El caudal del Salto depende de las lluvias as\u00ed durante las sequ\u00edas se puede que el salto desaparece. En la parte superior\" \/>\n<meta property=\"og:url\" content=\"https:\/\/masdepau.es\/en\/2022\/05\/09\/salto\/\" \/>\n<meta property=\"og:site_name\" content=\"Apartments Mas de Pau\" \/>\n<meta property=\"article:published_time\" content=\"2022-05-09T08:05:18+00:00\" \/>\n<meta name=\"author\" content=\"mas de pau\" \/>\n<meta name=\"twitter:card\" content=\"summary_large_image\" \/>\n<meta name=\"twitter:label1\" content=\"Written by\" \/>\n\t<meta name=\"twitter:data1\" content=\"mas de pau\" \/>\n\t<meta name=\"twitter:label2\" content=\"Est. reading time\" \/>\n\t<meta name=\"twitter:data2\" content=\"1 minute\" \/>\n<script type=\"application\/ld+json\" class=\"yoast-schema-graph\">{\"@context\":\"https:\/\/schema.org\",\"@graph\":[{\"@type\":\"WebPage\",\"@id\":\"https:\/\/masdepau.es\/en\/2022\/05\/09\/salto\/\",\"url\":\"https:\/\/masdepau.es\/en\/2022\/05\/09\/salto\/\",\"name\":\"EL SALTO - La Portellada - Apartments Mas de Pau\",\"isPartOf\":{\"@id\":\"https:\/\/masdepau.es\/en\/#website\"},\"primaryImageOfPage\":{\"@id\":\"https:\/\/masdepau.es\/en\/2022\/05\/09\/salto\/#primaryimage\"},\"image\":{\"@id\":\"https:\/\/masdepau.es\/en\/2022\/05\/09\/salto\/#primaryimage\"},\"thumbnailUrl\":\"\",\"datePublished\":\"2022-05-09T08:05:18+00:00\",\"author\":{\"@id\":\"https:\/\/masdepau.es\/en\/#\/schema\/person\/f155f568feb01b0acdcfad7621b5aec8\"},\"breadcrumb\":{\"@id\":\"https:\/\/masdepau.es\/en\/2022\/05\/09\/salto\/#breadcrumb\"},\"inLanguage\":\"en-US\",\"potentialAction\":[{\"@type\":\"ReadAction\",\"target\":[\"https:\/\/masdepau.es\/en\/2022\/05\/09\/salto\/\"]}]},{\"@type\":\"ImageObject\",\"inLanguage\":\"en-US\",\"@id\":\"https:\/\/masdepau.es\/en\/2022\/05\/09\/salto\/#primaryimage\",\"url\":\"\",\"contentUrl\":\"\"},{\"@type\":\"BreadcrumbList\",\"@id\":\"https:\/\/masdepau.es\/en\/2022\/05\/09\/salto\/#breadcrumb\",\"itemListElement\":[{\"@type\":\"ListItem\",\"position\":1,\"name\":\"Portada\",\"item\":\"https:\/\/masdepau.es\/en\/\"},{\"@type\":\"ListItem\",\"position\":2,\"name\":\"EL SALTO &#8211; La Portellada\"}]},{\"@type\":\"WebSite\",\"@id\":\"https:\/\/masdepau.es\/en\/#website\",\"url\":\"https:\/\/masdepau.es\/en\/\",\"name\":\"Apartments Mas de Pau\",\"description\":\"Rural Apartments in the middle of the nature of the Matarra\u00f1a\",\"potentialAction\":[{\"@type\":\"SearchAction\",\"target\":{\"@type\":\"EntryPoint\",\"urlTemplate\":\"https:\/\/masdepau.es\/en\/?s={search_term_string}\"},\"query-input\":{\"@type\":\"PropertyValueSpecification\",\"valueRequired\":true,\"valueName\":\"search_term_string\"}}],\"inLanguage\":\"en-US\"},{\"@type\":\"Person\",\"@id\":\"https:\/\/masdepau.es\/en\/#\/schema\/person\/f155f568feb01b0acdcfad7621b5aec8\",\"name\":\"mas de pau\",\"image\":{\"@type\":\"ImageObject\",\"inLanguage\":\"en-US\",\"@id\":\"https:\/\/masdepau.es\/en\/#\/schema\/person\/image\/\",\"url\":\"https:\/\/secure.gravatar.com\/avatar\/?s=96&d=mm&r=g\",\"contentUrl\":\"https:\/\/secure.gravatar.com\/avatar\/?s=96&d=mm&r=g\",\"caption\":\"mas de pau\"},\"url\":\"https:\/\/masdepau.es\/en\/author\/mas-de-pau\/\"}]}<\/script>\n<!-- \/ Yoast SEO plugin. -->","yoast_head_json":{"title":"EL SALTO - La Portellada - Apartments Mas de Pau","robots":{"index":"index","follow":"follow","max-snippet":"max-snippet:-1","max-image-preview":"max-image-preview:large","max-video-preview":"max-video-preview:-1"},"canonical":"https:\/\/masdepau.es\/en\/2022\/05\/09\/salto\/","og_locale":"en_US","og_type":"article","og_title":"EL SALTO - La Portellada - Apartments Mas de Pau","og_description":"[vc_row][vc_column][vc_column_text]El salto de agua del r\u00edo Tastavins, afluente del r\u00edo Matarra\u00f1a, uno de los lugares m\u00e1s bonitos de la zona, donde el r\u00edo Tastavins da lugar a una cascada de unos veinte metros. El caudal del Salto depende de las lluvias as\u00ed durante las sequ\u00edas se puede que el salto desaparece. En la parte superior","og_url":"https:\/\/masdepau.es\/en\/2022\/05\/09\/salto\/","og_site_name":"Apartments Mas de Pau","article_published_time":"2022-05-09T08:05:18+00:00","author":"mas de pau","twitter_card":"summary_large_image","twitter_misc":{"Written by":"mas de pau","Est. reading time":"1 minute"},"schema":{"@context":"https:\/\/schema.org","@graph":[{"@type":"WebPage","@id":"https:\/\/masdepau.es\/en\/2022\/05\/09\/salto\/","url":"https:\/\/masdepau.es\/en\/2022\/05\/09\/salto\/","name":"EL SALTO - La Portellada - Apartments Mas de Pau","isPartOf":{"@id":"https:\/\/masdepau.es\/en\/#website"},"primaryImageOfPage":{"@id":"https:\/\/masdepau.es\/en\/2022\/05\/09\/salto\/#primaryimage"},"image":{"@id":"https:\/\/masdepau.es\/en\/2022\/05\/09\/salto\/#primaryimage"},"thumbnailUrl":"","datePublished":"2022-05-09T08:05:18+00:00","author":{"@id":"https:\/\/masdepau.es\/en\/#\/schema\/person\/f155f568feb01b0acdcfad7621b5aec8"},"breadcrumb":{"@id":"https:\/\/masdepau.es\/en\/2022\/05\/09\/salto\/#breadcrumb"},"inLanguage":"en-US","potentialAction":[{"@type":"ReadAction","target":["https:\/\/masdepau.es\/en\/2022\/05\/09\/salto\/"]}]},{"@type":"ImageObject","inLanguage":"en-US","@id":"https:\/\/masdepau.es\/en\/2022\/05\/09\/salto\/#primaryimage","url":"","contentUrl":""},{"@type":"BreadcrumbList","@id":"https:\/\/masdepau.es\/en\/2022\/05\/09\/salto\/#breadcrumb","itemListElement":[{"@type":"ListItem","position":1,"name":"Portada","item":"https:\/\/masdepau.es\/en\/"},{"@type":"ListItem","position":2,"name":"EL SALTO &#8211; La Portellada"}]},{"@type":"WebSite","@id":"https:\/\/masdepau.es\/en\/#website","url":"https:\/\/masdepau.es\/en\/","name":"Apartments Mas de Pau","description":"Rural Apartments in the middle of the nature of the Matarra\u00f1a","potentialAction":[{"@type":"SearchAction","target":{"@type":"EntryPoint","urlTemplate":"https:\/\/masdepau.es\/en\/?s={search_term_string}"},"query-input":{"@type":"PropertyValueSpecification","valueRequired":true,"valueName":"search_term_string"}}],"inLanguage":"en-US"},{"@type":"Person","@id":"https:\/\/masdepau.es\/en\/#\/schema\/person\/f155f568feb01b0acdcfad7621b5aec8","name":"mas de pau","image":{"@type":"ImageObject","inLanguage":"en-US","@id":"https:\/\/masdepau.es\/en\/#\/schema\/person\/image\/","url":"https:\/\/secure.gravatar.com\/avatar\/?s=96&d=mm&r=g","contentUrl":"https:\/\/secure.gravatar.com\/avatar\/?s=96&d=mm&r=g","caption":"mas de pau"},"url":"https:\/\/masdepau.es\/en\/author\/mas-de-pau\/"}]}},"_links":{"self":[{"href":"https:\/\/masdepau.es\/en\/wp-json\/wp\/v2\/posts\/98","targetHints":{"allow":["GET"]}}],"collection":[{"href":"https:\/\/masdepau.es\/en\/wp-json\/wp\/v2\/posts"}],"about":[{"href":"https:\/\/masdepau.es\/en\/wp-json\/wp\/v2\/types\/post"}],"author":[{"embeddable":true,"href":"https:\/\/masdepau.es\/en\/wp-json\/wp\/v2\/users\/2"}],"replies":[{"embeddable":true,"href":"https:\/\/masdepau.es\/en\/wp-json\/wp\/v2\/comments?post=98"}],"version-history":[{"count":0,"href":"https:\/\/masdepau.es\/en\/wp-json\/wp\/v2\/posts\/98\/revisions"}],"wp:featuredmedia":[{"embeddable":true,"href":"https:\/\/masdepau.es\/en\/wp-json\/"}],"wp:attachment":[{"href":"https:\/\/masdepau.es\/en\/wp-json\/wp\/v2\/media?parent=98"}],"wp:term":[{"taxonomy":"category","embeddable":true,"href":"https:\/\/masdepau.es\/en\/wp-json\/wp\/v2\/categories?post=98"},{"taxonomy":"post_tag","embeddable":true,"href":"https:\/\/masdepau.es\/en\/wp-json\/wp\/v2\/tags?post=98"}],"curies":[{"name":"wp","href":"https:\/\/api.w.org\/{rel}","templated":true}]}}